{"id":3948,"date":"2014-02-28T08:16:12","date_gmt":"2014-02-28T11:16:12","guid":{"rendered":"http:\/\/www.sincomam.org.br\/?p=3948"},"modified":"2014-02-27T14:36:37","modified_gmt":"2014-02-27T17:36:37","slug":"policia-investiga-naufragio-que-matou-sete-pessoas-em-goias","status":"publish","type":"post","link":"https:\/\/www.sincomam.org.br\/index.php\/policia-investiga-naufragio-que-matou-sete-pessoas-em-goias\/","title":{"rendered":"Pol\u00edcia investiga naufr\u00e1gio que matou sete pessoas em Goi\u00e1s"},"content":{"rendered":"<p><b><i>Naufr\u00e1gio de uma canoa na barragem de Corumb\u00e1 III resultou na morte de sete pessoas<\/p>\n<p><\/i><\/b>A Pol\u00edcia Civil de Goi\u00e1s investiga o naufr\u00e1gio de uma canoa na barragem de Corumb\u00e1 III, pr\u00f3ximo \u00e0 Luzi\u00e2nia, que resultou na morte de sete pessoas \u2013 quatro crian\u00e7as, um adolescente e dois adultos. O acidente aconteceu no \u00faltimo s\u00e1bado (22).<\/p>\n<p>De acordo com o titular da 1\u00aa Delegacia de Pol\u00edcia de Luzi\u00e2nia, Igor Carneiro, a embarca\u00e7\u00e3o levava 11 pessoas, apesar de se tratar de uma canoa simples, que levaria no m\u00e1ximo seis ou sete.<o:p><\/o:p><\/p>\n<p>A maioria dos ocupantes pertencia \u00e0 mesma fam\u00edlia e morava em Santa Maria, regi\u00e3o administrativa a 26 quil\u00f4metros de Bras\u00edlia.<o:p><\/o:p><\/p>\n<p>Segundo Carneiro, o condutor da canoa e a m\u00e3e de uma crian\u00e7a de 6 anos que sobreviveu ao naufr\u00e1gio j\u00e1 foram ouvidos.<o:p><\/o:p><\/p>\n<p>As vers\u00f5es apresentadas por ambos, entretanto, divergem. O condutor afirma que uma brincadeira entre os ocupantes provocou o desequil\u00edbrio da embarca\u00e7\u00e3o. J\u00e1 a mulher garante que uma curva feita de forma mais brusca permitiu que a \u00e1gua adentrasse na canoa.<o:p><\/o:p><\/p>\n<p>Ainda de acordo com o delegado, a pol\u00edcia aguarda o envio dos exames periciais feitos pelo Instituto M\u00e9dico Legal (IML) para instaurar o inqu\u00e9rito.<o:p><\/o:p><\/p>\n<p>\u00c9 preciso ouvir tamb\u00e9m um outro sobrevivente do naufr\u00e1gio. Carneiro adiantou que, at\u00e9 o momento, a investiga\u00e7\u00e3o trabalha com a hip\u00f3tese de homic\u00eddio culposo (quando n\u00e3o h\u00e1 inten\u00e7\u00e3o de matar).<\/p>\n<p>Fonte: Ag\u00eancia Brasil<br \/>Foto:\u00a0Divulga\u00e7\u00e3o \/ Corpo de Bombeiros<o:p><\/o:p><\/p>\n","protected":false},"excerpt":{"rendered":"<p>Naufr\u00e1gio de uma canoa na barragem de Corumb\u00e1 III resultou na morte de sete pessoas A Pol\u00edcia Civil de Goi\u00e1s investiga o naufr\u00e1gio de uma&#8230;<\/p>\n","protected":false},"author":1182,"featured_media":3949,"comment_status":"closed","ping_status":"closed","sticky":false,"template":"","format":"standard","meta":{"footnotes":""},"categories":[6],"tags":[622,297,623,621],"class_list":["post-3948","post","type-post","status-publish","format-standard","has-post-thumbnail","hentry","category-noticias","tag-goias","tag-investigacao","tag-mortos","tag-naufragio"],"_links":{"self":[{"href":"https:\/\/www.sincomam.org.br\/index.php\/wp-json\/wp\/v2\/posts\/3948","targetHints":{"allow":["GET"]}}],"collection":[{"href":"https:\/\/www.sincomam.org.br\/index.php\/wp-json\/wp\/v2\/posts"}],"about":[{"href":"https:\/\/www.sincomam.org.br\/index.php\/wp-json\/wp\/v2\/types\/post"}],"author":[{"embeddable":true,"href":"https:\/\/www.sincomam.org.br\/index.php\/wp-json\/wp\/v2\/users\/1182"}],"replies":[{"embeddable":true,"href":"https:\/\/www.sincomam.org.br\/index.php\/wp-json\/wp\/v2\/comments?post=3948"}],"version-history":[{"count":1,"href":"https:\/\/www.sincomam.org.br\/index.php\/wp-json\/wp\/v2\/posts\/3948\/revisions"}],"predecessor-version":[{"id":3950,"href":"https:\/\/www.sincomam.org.br\/index.php\/wp-json\/wp\/v2\/posts\/3948\/revisions\/3950"}],"wp:featuredmedia":[{"embeddable":true,"href":"https:\/\/www.sincomam.org.br\/index.php\/wp-json\/wp\/v2\/media\/3949"}],"wp:attachment":[{"href":"https:\/\/www.sincomam.org.br\/index.php\/wp-json\/wp\/v2\/media?parent=3948"}],"wp:term":[{"taxonomy":"category","embeddable":true,"href":"https:\/\/www.sincomam.org.br\/index.php\/wp-json\/wp\/v2\/categories?post=3948"},{"taxonomy":"post_tag","embeddable":true,"href":"https:\/\/www.sincomam.org.br\/index.php\/wp-json\/wp\/v2\/tags?post=3948"}],"curies":[{"name":"wp","href":"https:\/\/api.w.org\/{rel}","templated":true}]}}