{"id":39462,"date":"2022-06-01T09:33:37","date_gmt":"2022-06-01T12:33:37","guid":{"rendered":"http:\/\/www.sincomam.org.br\/?p=39462"},"modified":"2022-06-01T09:33:37","modified_gmt":"2022-06-01T12:33:37","slug":"marinha-do-brasil-presta-auxilio-a-populacao-de-pernambuco","status":"publish","type":"post","link":"https:\/\/www.sincomam.org.br\/index.php\/marinha-do-brasil-presta-auxilio-a-populacao-de-pernambuco\/","title":{"rendered":"Marinha do Brasil presta auxilio \u00e0 popula\u00e7\u00e3o de Pernambuco"},"content":{"rendered":"<p>Desde que as fortes chuvas come\u00e7aram a atingir cidades pernambucanas, em especial Jaboat\u00e3o dos Guararapes, as For\u00e7as Armadas foram acionadas para prestar apoio \u00e0 popula\u00e7\u00e3o afetada, integrando o Gabinete de Crise do Governo do Estado de Pernambuco. Ainda no s\u00e1bado (28), a Marinha do Brasil (MB) iniciou um trabalho de resgate de v\u00edtimas ilhadas no munic\u00edpio.<\/p>\n<p>Seguindo determina\u00e7\u00e3o do Presidente da Rep\u00fablica, Jair Bolsonaro, o Minist\u00e9rio da Defesa (MD) refor\u00e7ou a atua\u00e7\u00e3o das For\u00e7as Armadas na regi\u00e3o. Como parte dos esfor\u00e7os coordenados pelo MD, a MB atuou no resgate de moradores da Comunidade Lagoa Olho D\u00b4\u00c1gua, em Candeias (PE), desabrigados por conta das fortes chuvas. Al\u00e9m dos resgates, militares da Marinha tamb\u00e9m atuaram na distribui\u00e7\u00e3o de alimentos e \u00e1gua mineral \u00e0 popula\u00e7\u00e3o ilhada.<\/p>\n<p>Desde ontem (31\/05), a Marinha abriu outras tr\u00eas frentes de atua\u00e7\u00e3o: o aux\u00edlio ao Corpo de Bombeiros no resgate de moradores atingidos pelos deslizamentos de terra na Comunidade dos Milagres; o apoio \u00e0 Defesa Civil na instala\u00e7\u00e3o de lonas de prote\u00e7\u00e3o em \u00e1reas de risco na Comunidade de Lagoa Encantada; e a distribui\u00e7\u00e3o de cestas b\u00e1sicas \u00e0 popula\u00e7\u00e3o carente, em apoio \u00e0 Prefeitura, no Terminal Mar\u00edtimo de Passageiros de Recife.<\/p>\n<p>A MB atua nessas quatro frentes com cerca de 150 militares, 12 viaturas e 6 embarca\u00e7\u00f5es. Esse quantitativo foi alcan\u00e7ado com o deslocamento de pessoal e material a partir de Natal (RN) e Jo\u00e3o Pessoa (PB). A partir de amanh\u00e3 (1\u00ba), um Grupamento Operativo de Fuzileiros Navais que estava realizando uma Opera\u00e7\u00e3o com a Marinha Francesa em Fortaleza (CE), com aproximadamente 100 militares e 9 viaturas operativas (incluindo tr\u00eas Carros Lagarta Anf\u00edbios \u2013 CLANF), se deslocar\u00e1 para Pernambuco, a fim de apoiar as a\u00e7\u00f5es emergenciais.<\/p>\n<p>Tamb\u00e9m foi iniciada uma campanha de doa\u00e7\u00e3o de alimentos e roupas para atender \u00e0 popula\u00e7\u00e3o atingida, que j\u00e1 arrecadou, at\u00e9 o momento, cerca de 500 quilos de material, que j\u00e1 est\u00e3o sendo distribu\u00eddos.<\/p>\n<p>As doa\u00e7\u00f5es podem ser entregues nos seguintes endere\u00e7os:<\/p>\n<p>Capitania dos Portos de Pernambuco<br \/>\nRua de S\u00e3o Jos\u00e9, 25, Recife Antigo \u2013 PE<br \/>\nEscola de Aprendizes-Marinheiros de Pernambuco<br \/>\nAvenida Olinda Dom Helder C\u00e2mara,  Salgadinho, Olinda \u2013 PE.<\/p>\n<p>Fonte: Defesa em Foco<\/p>\n","protected":false},"excerpt":{"rendered":"<p>Desde que as fortes chuvas come\u00e7aram a atingir cidades pernambucanas, em especial Jaboat\u00e3o dos Guararapes, as For\u00e7as Armadas foram acionadas para prestar apoio \u00e0 popula\u00e7\u00e3o&#8230;<\/p>\n","protected":false},"author":1527,"featured_media":39463,"comment_status":"closed","ping_status":"closed","sticky":false,"template":"","format":"standard","meta":{"footnotes":""},"categories":[6],"tags":[],"class_list":["post-39462","post","type-post","status-publish","format-standard","has-post-thumbnail","hentry","category-noticias"],"_links":{"self":[{"href":"https:\/\/www.sincomam.org.br\/index.php\/wp-json\/wp\/v2\/posts\/39462","targetHints":{"allow":["GET"]}}],"collection":[{"href":"https:\/\/www.sincomam.org.br\/index.php\/wp-json\/wp\/v2\/posts"}],"about":[{"href":"https:\/\/www.sincomam.org.br\/index.php\/wp-json\/wp\/v2\/types\/post"}],"author":[{"embeddable":true,"href":"https:\/\/www.sincomam.org.br\/index.php\/wp-json\/wp\/v2\/users\/1527"}],"replies":[{"embeddable":true,"href":"https:\/\/www.sincomam.org.br\/index.php\/wp-json\/wp\/v2\/comments?post=39462"}],"version-history":[{"count":1,"href":"https:\/\/www.sincomam.org.br\/index.php\/wp-json\/wp\/v2\/posts\/39462\/revisions"}],"predecessor-version":[{"id":39464,"href":"https:\/\/www.sincomam.org.br\/index.php\/wp-json\/wp\/v2\/posts\/39462\/revisions\/39464"}],"wp:featuredmedia":[{"embeddable":true,"href":"https:\/\/www.sincomam.org.br\/index.php\/wp-json\/wp\/v2\/media\/39463"}],"wp:attachment":[{"href":"https:\/\/www.sincomam.org.br\/index.php\/wp-json\/wp\/v2\/media?parent=39462"}],"wp:term":[{"taxonomy":"category","embeddable":true,"href":"https:\/\/www.sincomam.org.br\/index.php\/wp-json\/wp\/v2\/categories?post=39462"},{"taxonomy":"post_tag","embeddable":true,"href":"https:\/\/www.sincomam.org.br\/index.php\/wp-json\/wp\/v2\/tags?post=39462"}],"curies":[{"name":"wp","href":"https:\/\/api.w.org\/{rel}","templated":true}]}}