{"id":39432,"date":"2022-05-31T10:39:39","date_gmt":"2022-05-31T13:39:39","guid":{"rendered":"http:\/\/www.sincomam.org.br\/?p=39432"},"modified":"2022-05-31T10:40:22","modified_gmt":"2022-05-31T13:40:22","slug":"marinha-do-brasil-inicia-o-projeto-amazonico-de-oftalmologia-humanitaria","status":"publish","type":"post","link":"https:\/\/www.sincomam.org.br\/index.php\/marinha-do-brasil-inicia-o-projeto-amazonico-de-oftalmologia-humanitaria\/","title":{"rendered":"Marinha do Brasil inicia o Projeto Amaz\u00f4nico de Oftalmologia Humanit\u00e1ria"},"content":{"rendered":"<p>Come\u00e7ou o Projeto Amaz\u00f4nico de Oftalmologia Humanit\u00e1ria, que levar\u00e1 atendimentos a comunidades situadas no interior do Estado do Amazonas. A a\u00e7\u00e3o, conduzida pela Marinha do Brasil (MB) e pela Soamar Manaus, conta com a participa\u00e7\u00e3o de oftalmologistas do Instituto da Vis\u00e3o, da Universidade Federal do Amazonas, da Universidade Federal de S\u00e3o Paulo, do Instituto Paulista de Estudos e Pesquisas em Oftalmologia, da Funda\u00e7\u00e3o Piedade Cohen, al\u00e9m de m\u00e9dicos volunt\u00e1rios e empresas privadas, como o laborat\u00f3rio Alcon e a Lupas Leitor.<\/p>\n<p>Nesse domingo, integrantes do projeto embarcaram no Navio de Assist\u00eancia Hospitalar (NAsH) \u201cSoares de Meirelles\u201d, em Manaus (AM), com destino \u00e0s cidades de Barcelos, Santa Isabel e Novo Air\u00e3o, localizadas \u00e0 margem direita do Rio Negro, no interior do Amazonas, onde ser\u00e3o realizadas cirurgias de catarata, pter\u00edgio e atendimentos cl\u00ednicos com doa\u00e7\u00f5es de \u00f3culos. O regresso do navio est\u00e1 previsto para o dia 7 de junho.<\/p>\n<p>\u201cO apoio da Marinha ao Projeto Amaz\u00f4nico de Oftalmologia Humanit\u00e1ria \u00e9 feito por meio da acomoda\u00e7\u00e3o da equipe m\u00e9dica, da log\u00edstica dos equipamentos oftalmol\u00f3gicos necess\u00e1rios para a realiza\u00e7\u00e3o das interven\u00e7\u00f5es cir\u00fargicas, al\u00e9m da realiza\u00e7\u00e3o de exames de acuidade visual para a distribui\u00e7\u00e3o dos \u00f3culos\u201d, destaca o Comandante do NAsH \u201cSoares de Meirelles, Capit\u00e3o de Corveta Jos\u00e9 Lauro Motta de Oliveira.<\/p>\n<p>\u201cA campanha de cirurgia de catarata acontece h\u00e1 seis anos com o apoio da\u00a0Marinha do Brasil. Ficamos dois anos parados por conta da pandemia e temos a alegria de retornar em 2022. Em edi\u00e7\u00f5es anteriores, atendemos a calha do Alto Solim\u00f5es, M\u00e9dio Solim\u00f5es, rio Madeira, Baixo Amazonas e agora o Alto rio Negro. A meta \u00e9 a realiza\u00e7\u00e3o de 300 cirurgias de catarata e mais de 20 mil atendimentos cl\u00ednicos oftalmol\u00f3gicos\u201d, explica o presidente da Soamar Manaus, S\u00e9rgio Rodrigues Vianna.<\/p>\n<p>Fonte: Defesa em Foco<\/p>\n","protected":false},"excerpt":{"rendered":"<p>Come\u00e7ou o Projeto Amaz\u00f4nico de Oftalmologia Humanit\u00e1ria, que levar\u00e1 atendimentos a comunidades situadas no interior do Estado do Amazonas. A a\u00e7\u00e3o, conduzida pela Marinha do&#8230;<\/p>\n","protected":false},"author":1527,"featured_media":39433,"comment_status":"closed","ping_status":"closed","sticky":false,"template":"","format":"standard","meta":{"footnotes":""},"categories":[6],"tags":[],"class_list":["post-39432","post","type-post","status-publish","format-standard","has-post-thumbnail","hentry","category-noticias"],"_links":{"self":[{"href":"https:\/\/www.sincomam.org.br\/index.php\/wp-json\/wp\/v2\/posts\/39432","targetHints":{"allow":["GET"]}}],"collection":[{"href":"https:\/\/www.sincomam.org.br\/index.php\/wp-json\/wp\/v2\/posts"}],"about":[{"href":"https:\/\/www.sincomam.org.br\/index.php\/wp-json\/wp\/v2\/types\/post"}],"author":[{"embeddable":true,"href":"https:\/\/www.sincomam.org.br\/index.php\/wp-json\/wp\/v2\/users\/1527"}],"replies":[{"embeddable":true,"href":"https:\/\/www.sincomam.org.br\/index.php\/wp-json\/wp\/v2\/comments?post=39432"}],"version-history":[{"count":3,"href":"https:\/\/www.sincomam.org.br\/index.php\/wp-json\/wp\/v2\/posts\/39432\/revisions"}],"predecessor-version":[{"id":39436,"href":"https:\/\/www.sincomam.org.br\/index.php\/wp-json\/wp\/v2\/posts\/39432\/revisions\/39436"}],"wp:featuredmedia":[{"embeddable":true,"href":"https:\/\/www.sincomam.org.br\/index.php\/wp-json\/wp\/v2\/media\/39433"}],"wp:attachment":[{"href":"https:\/\/www.sincomam.org.br\/index.php\/wp-json\/wp\/v2\/media?parent=39432"}],"wp:term":[{"taxonomy":"category","embeddable":true,"href":"https:\/\/www.sincomam.org.br\/index.php\/wp-json\/wp\/v2\/categories?post=39432"},{"taxonomy":"post_tag","embeddable":true,"href":"https:\/\/www.sincomam.org.br\/index.php\/wp-json\/wp\/v2\/tags?post=39432"}],"curies":[{"name":"wp","href":"https:\/\/api.w.org\/{rel}","templated":true}]}}