{"id":39427,"date":"2022-05-30T09:34:25","date_gmt":"2022-05-30T12:34:25","guid":{"rendered":"http:\/\/www.sincomam.org.br\/?p=39427"},"modified":"2022-05-30T09:34:25","modified_gmt":"2022-05-30T12:34:25","slug":"imposto-de-renda-2022-prazo-acaba-na-terca-entregue-incompleta-para-evitar-multa","status":"publish","type":"post","link":"https:\/\/www.sincomam.org.br\/index.php\/imposto-de-renda-2022-prazo-acaba-na-terca-entregue-incompleta-para-evitar-multa\/","title":{"rendered":"Imposto de Renda 2022: prazo acaba na ter\u00e7a; entregue incompleta para evitar multa"},"content":{"rendered":"<div class=\"mc-column content-text active-extra-styles \" data-block-type=\"unstyled\" data-block-weight=\"49\" data-block-id=\"2\">\n<p class=\"content-text__container \" data-track-category=\"Link no Texto\" data-track-links=\"\">O prazo para entregar a declara\u00e7\u00e3o de\u00a0Imposto de Renda 2022\u00a0termina nesta ter\u00e7a-feira (31). E, mesmo que o contribuinte esteja em d\u00favida se os dados est\u00e3o corretos ou se falta algum documento, os especialistas recomendam cumprir o prazo estipulado pela\u00a0Receita Federal\u00a0e fazer as corre\u00e7\u00f5es necess\u00e1rias posteriormente.<\/p>\n<\/div>\n<div class=\"wall protected-content\">\n<div class=\"mc-column content-text active-extra-styles \" data-block-type=\"unstyled\" data-block-weight=\"30\" data-block-id=\"3\">\n<p class=\"content-text__container \" data-track-category=\"Link no Texto\" data-track-links=\"\">Quem n\u00e3o entregar a declara\u00e7\u00e3o dentro do prazo est\u00e1 sujeito ao pagamento de multa m\u00ednima de R$ 165,74, podendo chegar a 20% do imposto devido.<\/p>\n<div class=\"mc-column content-text active-extra-styles \" data-block-type=\"unstyled\" data-block-weight=\"49\" data-block-id=\"6\">\n<p class=\"content-text__container \" data-track-category=\"Link no Texto\" data-track-links=\"\"><strong>Quem entregar a declara\u00e7\u00e3o incompleta pode, depois, fazer as altera\u00e7\u00f5es necess\u00e1rias sem ser penalizado<\/strong>. Basta, depois, reenviar com os dados corretos, escolhendo a op\u00e7\u00e3o de &#8220;Declara\u00e7\u00e3o Retificadora&#8221; na ficha de Identifica\u00e7\u00e3o do Contribuinte, explica a MAG Seguros. &#8220;Ser\u00e1 necess\u00e1rio o n\u00famero do recibo encontrado na declara\u00e7\u00e3o original enviada&#8221;.<\/p>\n<\/div>\n<div class=\"mc-column content-text active-extra-styles \" data-block-type=\"unstyled\" data-block-weight=\"29\" data-block-id=\"7\">\n<p class=\"content-text__container \" data-track-category=\"Link no Texto\" data-track-links=\"\"><span class=\"highlight highlighted\">Mas \u00e9 preciso cuidado para um detalhe: depois do final do prazo de entrega, o contribuinte n\u00e3o pode mais alterar o modelo de declara\u00e7\u00e3o \u2013 simples ou completa.<\/span><\/p>\n<\/div>\n<div class=\"mc-column content-text active-extra-styles \" data-block-type=\"unstyled\" data-block-weight=\"36\" data-block-id=\"8\">\n<p class=\"content-text__container \" data-track-category=\"Link no Texto\" data-track-links=\"\">A declara\u00e7\u00e3o no modelo completo \u00e9 mais indicada para quem tem muitas dedu\u00e7\u00f5es a incluir, como dependentes e gastos com sa\u00fade. J\u00e1 a simples \u00e9 mais vantajosa para os contribuintes que n\u00e3o t\u00eam essas dedu\u00e7\u00f5es.<\/p>\n<\/div>\n<div class=\"mc-column content-text active-extra-styles \" data-block-type=\"unstyled\" data-block-weight=\"20\" data-block-id=\"9\">\n<p class=\"content-text__container \" data-track-category=\"Link no Texto\" data-track-links=\"\">Vale lembrar que o contribuinte pode corrigir a declara\u00e7\u00e3o enviada quantas vezes julgar necess\u00e1rio sem ter de pagar multa.<\/p>\n<\/div>\n<div class=\"mc-column content-text active-extra-styles \" data-block-type=\"unstyled\" data-block-weight=\"14\" data-block-id=\"10\">\n<p class=\"content-text__container \" data-track-category=\"Link no Texto\" data-track-links=\"\">A\u00a0Receita Federal\u00a0espera receber cerca de 34,1 milh\u00f5es de declara\u00e7\u00f5es neste ano.<\/p>\n<\/div>\n<div class=\"mc-column content-text active-extra-styles\" data-block-type=\"raw\" data-block-weight=\"7\" data-block-id=\"11\">\n<p class=\"content-text__container\"><strong>O que acontece se eu n\u00e3o declarar?<\/strong><\/p>\n<p>A multa m\u00ednima para quem n\u00e3o entregou dentro do prazo \u00e9 de R$ 165,74, mas pode atingir at\u00e9 20% do imposto devido.<\/p>\n<\/div>\n<div class=\"mc-column content-text active-extra-styles \" data-block-type=\"unstyled\" data-block-weight=\"69\" data-block-id=\"13\">\n<p class=\"content-text__container \" data-track-category=\"Link no Texto\" data-track-links=\"\">A penalidade \u00e9 aplicada tanto para quem tem imposto a pagar quanto para quem tem restitui\u00e7\u00e3o a receber. Para quem tem imposto a pagar, a multa \u00e9 de 1% ao m\u00eas (ou fra\u00e7\u00e3o de atraso) sobre o valor do imposto a pagar, limitada a 20% do imposto devido. J\u00e1 para quem n\u00e3o tem imposto a pagar, o valor da multa corresponde ao m\u00ednimo exigido, que \u00e9 de R$ 165,74.<\/p>\n<\/div>\n<div class=\"content-ads content-ads--reveal\" data-block-type=\"ads\" data-block-id=\"14\">\n<div id=\"banner_materia__acd189df-eb00-432e-aeab-7428173a0774\" class=\"tag-manager-publicidade-container mc-has-reveal mc-has-ad-lazyload tag-manager-publicidade-banner_materia__acd189df-eb00-432e-aeab-7428173a0774 tag-manager-publicidade-container--carregado tag-manager-publicidade-container--visivel\" data-id=\"banner_materia__acd189df-eb00-432e-aeab-7428173a0774\" data-req=\"true\" data-google-query-id=\"CKHn3tKdh_gCFflKuAQd-XoEtw\" data-cid=\"138296393279\" data-lid=\"5238420239\">\n<div class=\"mc-column content-text active-extra-styles \" data-block-type=\"unstyled\" data-block-weight=\"36\" data-block-id=\"15\">\n<p class=\"content-text__container \" data-track-category=\"Link no Texto\" data-track-links=\"\">Al\u00e9m disso, o CPF pode ficar irregular, o que pode impedir a libera\u00e7\u00e3o de empr\u00e9stimos, tirar passaportes, obter certid\u00e3o negativa para venda ou aluguel de im\u00f3vel e at\u00e9 prestar concurso p\u00fablico at\u00e9 a regulariza\u00e7\u00e3o da situa\u00e7\u00e3o.<\/p>\n<\/div>\n<div class=\"bs-video-block mc-column  content-media content-video\" data-block-type=\"backstage-video\" data-block-id=\"16\">\n<div class=\"content-media__container\">\n<div class=\"content-video__bigger-player-description-fixer\">\n<article class=\"content-video\">\n<section class=\"content-video__video-container\">\n<div class=\"content-video__video\">\n<div class=\"content-video__placeholder\" data-video-id=\"10350220\" data-video-has-viewport-play=\"True\">\n<div class=\"mc-column content-text active-extra-styles\" data-block-type=\"raw\" data-block-weight=\"3\" data-block-id=\"17\">\n<div class=\"content-intertitle\">\n<h2>Quem precisa declarar?<\/h2>\n<\/div>\n<\/div>\n<div class=\"mc-column content-text active-extra-styles\" data-block-type=\"raw\" data-block-weight=\"186\" data-block-id=\"18\">\n<ul class=\"content-unordered-list\">\n<li>quem recebeu rendimentos tribut\u00e1veis acima de R$ 28.559,70 em 2021. O valor \u00e9 o mesmo da declara\u00e7\u00e3o do IR do ano passado.<\/li>\n<li>contribuintes que receberam rendimentos isentos, n\u00e3o-tribut\u00e1veis ou tributados exclusivamente na fonte, cuja soma tenha sido superior a R$ 40 mil no ano passado;<\/li>\n<li>quem obteve, em qualquer m\u00eas de 2021, ganho de capital na aliena\u00e7\u00e3o de bens ou direitos, sujeito \u00e0 incid\u00eancia do imposto, ou realizou opera\u00e7\u00f5es em bolsas de valores, de mercadorias, de futuros e assemelhadas;<\/li>\n<li>quem teve, em 2021, receita bruta em valor superior a R$ 142.798,50 em atividade rural;<\/li>\n<li>quem tinha, at\u00e9 31 de dezembro de 2021, a posse ou a propriedade de bens ou direitos, inclusive terra nua, de valor total superior a R$ 300 mil;<\/li>\n<li>quem passou para a condi\u00e7\u00e3o de residente no Brasil em qualquer m\u00eas e se encontrava nessa condi\u00e7\u00e3o at\u00e9 31 de dezembro de 2021;<\/li>\n<li>quem optou pela isen\u00e7\u00e3o do imposto incidente em valor obtido na venda de im\u00f3veis residenciais cujo produto da venda seja aplicado na aquisi\u00e7\u00e3o de im\u00f3veis residenciais localizados no pa\u00eds, no prazo de 180 dias, contado da celebra\u00e7\u00e3o do contrato de venda.<\/li>\n<\/ul>\n<p>&nbsp;<\/p>\n<\/div>\n<div class=\"content-ads content-ads--reveal\" data-block-type=\"ads\" data-block-id=\"19\">\n<div id=\"banner_materia__14246736-42ae-4dcb-9ff4-9c93c88847e7\" class=\"tag-manager-publicidade-container mc-has-reveal mc-has-ad-lazyload tag-manager-publicidade-banner_materia__14246736-42ae-4dcb-9ff4-9c93c88847e7 tag-manager-publicidade-container--carregado tag-manager-publicidade-container--visivel\" data-id=\"banner_materia__14246736-42ae-4dcb-9ff4-9c93c88847e7\" data-req=\"true\" data-google-query-id=\"CNajnOadh_gCFZuMlQId6aEDfA\" data-cid=\"138393772915\" data-lid=\"6016542420\"><\/div>\n<\/div>\n<\/div>\n<\/div>\n<\/section>\n<\/article>\n<\/div>\n<\/div>\n<\/div>\n<\/div>\n<\/div>\n<p data-track-category=\"Link no Texto\" data-track-links=\"\">\n<\/div>\n<\/div>\n","protected":false},"excerpt":{"rendered":"<p>O prazo para entregar a declara\u00e7\u00e3o de\u00a0Imposto de Renda 2022\u00a0termina nesta ter\u00e7a-feira (31). E, mesmo que o contribuinte esteja em d\u00favida se os dados est\u00e3o&#8230;<\/p>\n","protected":false},"author":1527,"featured_media":38901,"comment_status":"closed","ping_status":"closed","sticky":false,"template":"","format":"standard","meta":{"footnotes":""},"categories":[6],"tags":[],"class_list":["post-39427","post","type-post","status-publish","format-standard","has-post-thumbnail","hentry","category-noticias"],"_links":{"self":[{"href":"https:\/\/www.sincomam.org.br\/index.php\/wp-json\/wp\/v2\/posts\/39427","targetHints":{"allow":["GET"]}}],"collection":[{"href":"https:\/\/www.sincomam.org.br\/index.php\/wp-json\/wp\/v2\/posts"}],"about":[{"href":"https:\/\/www.sincomam.org.br\/index.php\/wp-json\/wp\/v2\/types\/post"}],"author":[{"embeddable":true,"href":"https:\/\/www.sincomam.org.br\/index.php\/wp-json\/wp\/v2\/users\/1527"}],"replies":[{"embeddable":true,"href":"https:\/\/www.sincomam.org.br\/index.php\/wp-json\/wp\/v2\/comments?post=39427"}],"version-history":[{"count":1,"href":"https:\/\/www.sincomam.org.br\/index.php\/wp-json\/wp\/v2\/posts\/39427\/revisions"}],"predecessor-version":[{"id":39428,"href":"https:\/\/www.sincomam.org.br\/index.php\/wp-json\/wp\/v2\/posts\/39427\/revisions\/39428"}],"wp:featuredmedia":[{"embeddable":true,"href":"https:\/\/www.sincomam.org.br\/index.php\/wp-json\/wp\/v2\/media\/38901"}],"wp:attachment":[{"href":"https:\/\/www.sincomam.org.br\/index.php\/wp-json\/wp\/v2\/media?parent=39427"}],"wp:term":[{"taxonomy":"category","embeddable":true,"href":"https:\/\/www.sincomam.org.br\/index.php\/wp-json\/wp\/v2\/categories?post=39427"},{"taxonomy":"post_tag","embeddable":true,"href":"https:\/\/www.sincomam.org.br\/index.php\/wp-json\/wp\/v2\/tags?post=39427"}],"curies":[{"name":"wp","href":"https:\/\/api.w.org\/{rel}","templated":true}]}}