{"id":39425,"date":"2022-05-30T09:15:43","date_gmt":"2022-05-30T12:15:43","guid":{"rendered":"http:\/\/www.sincomam.org.br\/?p=39425"},"modified":"2022-05-30T09:15:43","modified_gmt":"2022-05-30T12:15:43","slug":"novo-rg-ja-pode-ser-solicitado-veja-como-tirar-e-quando-sera-obrigatorio","status":"publish","type":"post","link":"https:\/\/www.sincomam.org.br\/index.php\/novo-rg-ja-pode-ser-solicitado-veja-como-tirar-e-quando-sera-obrigatorio\/","title":{"rendered":"Novo RG j\u00e1 pode ser solicitado, veja como tirar e quando ser\u00e1 obrigat\u00f3rio"},"content":{"rendered":"<p data-fetch=\"true\">O brasileiro conta desde o m\u00eas de mar\u00e7o com um novo modelo da Carteira de Identidade, popularmente chamado de RG digital devido \u00e0 implementa\u00e7\u00e3o de n\u00e3o somente a vers\u00e3o em papel como uma vers\u00e3o online do documento.<\/p>\n<div id=\"jorna-29228130\" class=\"jorna-aftter-first\"><\/div>\n<p>O objetivo do novo RG \u00e9 transformar a seguran\u00e7a do documento, trazendo diversos itens que v\u00e3o dificultar a vida de golpistas e fraudadores.<\/p>\n<div id=\"jorna-586245706\" class=\"jorna-conteudo_2\"><\/div>\n<p>Al\u00e9m disso, o novo RG vai acabar com o problema de que cada estado brasileiro tirava seu pr\u00f3prio n\u00famero de RG, o que por consequ\u00eancia um cidad\u00e3o que tirava a primeira via do RG em um estado e a segunda via em outro passava a ter dois n\u00fameros de Carteira de Identidade.<\/p>\n<p>No caso, para encerrar com o problema de que cada estado possu\u00eda seu pr\u00f3prio n\u00famero de RG, agora todos os documentos de identidade ter\u00e3o o CPF com n\u00famero \u00fanico.<\/p>\n<div id=\"jorna-1944231640\" class=\"jorna-conteudo_4\">\n<div><\/div>\n<\/div>\n<p>Assim, o n\u00famero que atualmente consta no seu RG deixar\u00e1 de valer, onde o CPF ser\u00e1 a numera\u00e7\u00e3o oficial aceita pelo governo no documento.<\/p>\n<h2 id=\"h-como-trocar-o-documento-quando-sera-obrigatorio\"><strong>Como trocar o documento, quando ser\u00e1 obrigat\u00f3rio?<\/strong><\/h2>\n<p data-fetch=\"true\">\u00c9 importante lembrar que esse processo de implementa\u00e7\u00e3o do novo RG \u00e9 novo, e o governo deu o prazo at\u00e9 mar\u00e7o de 2023 para que os \u00f3rg\u00e3os de identifica\u00e7\u00e3o dos estados possam emitir o novo documento.<\/p>\n<div id=\"jorna-1469129661\" class=\"jorna-amp-4\"><\/div>\n<p>Sendo assim, nem todos os estados ainda est\u00e3o aptos a emitir o novo RG, visto que a obrigatoriedade dos estados se adaptarem vai at\u00e9 o ano que vem.<\/p>\n<div id=\"jorna-772594382\" class=\"jorna-amp-teads\">\n<div><\/div>\n<\/div>\n<p>Contudo, quem quiser tirar o novo RG ou saber se o seu estado j\u00e1 est\u00e1 emitindo pode se dirigir a uma unidade de cadastramento como o Poupa Tempo e o Expresso cidad\u00e3o e questionar se o novo modelo do RG j\u00e1 est\u00e1 sendo emitido.<\/p>\n<p>Caso esteja sendo emitido, basta apresentar a certid\u00e3o de nascimento ou casamento para que seja poss\u00edvel gerar o novo documento para voc\u00ea.<\/p>\n<div id=\"jorna-1642019057\" class=\"jorna-conteudo-4\"><\/div>\n<p><strong>Aten\u00e7\u00e3o!<\/strong>\u00a0O prazo de validade do RG atual ser\u00e1 de 10 anos, assim, os brasileiros ter\u00e3o at\u00e9 2032 para realizar a troca do documento, n\u00e3o sendo necess\u00e1rio se apressar ou pular etapas para pedir o novo documento.<\/p>\n<p>Por fim, al\u00e9m dessas mudan\u00e7as o novo RG ter\u00e1 as seguintes altera\u00e7\u00f5es:<\/p>\n<div id=\"jorna-154528740\" class=\"jorna-amp-5\"><\/div>\n<ul>\n<li>Autentica\u00e7\u00e3o do documento atrav\u00e9s do QR Code;<\/li>\n<li>Biometria obrigat\u00f3ria (impress\u00e3o digital da pessoa);<\/li>\n<li>Identifica\u00e7\u00e3o se o titular \u00e9 doador de \u00f3rg\u00e3o ou n\u00e3o;<\/li>\n<li>Constar\u00e1 a naturalidade do cidad\u00e3o;<\/li>\n<li>Ado\u00e7\u00e3o do padr\u00e3o internacional c\u00f3digo MRZ (mesmo c\u00f3digo que cont\u00e9m nos passaportes);<\/li>\n<li>Presen\u00e7a do grupo sangu\u00edneo e fator RH no documento;<\/li>\n<li>Uniformiza\u00e7\u00e3o da Carteira de Identidade para todo territ\u00f3rio nacional;<\/li>\n<\/ul>\n<p>Fonte: Jornal Cont\u00e1bil<\/p>\n","protected":false},"excerpt":{"rendered":"<p>O brasileiro conta desde o m\u00eas de mar\u00e7o com um novo modelo da Carteira de Identidade, popularmente chamado de RG digital devido \u00e0 implementa\u00e7\u00e3o de&#8230;<\/p>\n","protected":false},"author":1527,"featured_media":38546,"comment_status":"closed","ping_status":"closed","sticky":false,"template":"","format":"standard","meta":{"footnotes":""},"categories":[6],"tags":[],"class_list":["post-39425","post","type-post","status-publish","format-standard","has-post-thumbnail","hentry","category-noticias"],"_links":{"self":[{"href":"https:\/\/www.sincomam.org.br\/index.php\/wp-json\/wp\/v2\/posts\/39425","targetHints":{"allow":["GET"]}}],"collection":[{"href":"https:\/\/www.sincomam.org.br\/index.php\/wp-json\/wp\/v2\/posts"}],"about":[{"href":"https:\/\/www.sincomam.org.br\/index.php\/wp-json\/wp\/v2\/types\/post"}],"author":[{"embeddable":true,"href":"https:\/\/www.sincomam.org.br\/index.php\/wp-json\/wp\/v2\/users\/1527"}],"replies":[{"embeddable":true,"href":"https:\/\/www.sincomam.org.br\/index.php\/wp-json\/wp\/v2\/comments?post=39425"}],"version-history":[{"count":1,"href":"https:\/\/www.sincomam.org.br\/index.php\/wp-json\/wp\/v2\/posts\/39425\/revisions"}],"predecessor-version":[{"id":39426,"href":"https:\/\/www.sincomam.org.br\/index.php\/wp-json\/wp\/v2\/posts\/39425\/revisions\/39426"}],"wp:featuredmedia":[{"embeddable":true,"href":"https:\/\/www.sincomam.org.br\/index.php\/wp-json\/wp\/v2\/media\/38546"}],"wp:attachment":[{"href":"https:\/\/www.sincomam.org.br\/index.php\/wp-json\/wp\/v2\/media?parent=39425"}],"wp:term":[{"taxonomy":"category","embeddable":true,"href":"https:\/\/www.sincomam.org.br\/index.php\/wp-json\/wp\/v2\/categories?post=39425"},{"taxonomy":"post_tag","embeddable":true,"href":"https:\/\/www.sincomam.org.br\/index.php\/wp-json\/wp\/v2\/tags?post=39425"}],"curies":[{"name":"wp","href":"https:\/\/api.w.org\/{rel}","templated":true}]}}