{"id":39422,"date":"2022-05-30T09:10:44","date_gmt":"2022-05-30T12:10:44","guid":{"rendered":"http:\/\/www.sincomam.org.br\/?p=39422"},"modified":"2022-05-30T09:10:44","modified_gmt":"2022-05-30T12:10:44","slug":"rio-inicia-aplicacao-de-dose-de-reforco-em-adolescentes-na-segunda","status":"publish","type":"post","link":"https:\/\/www.sincomam.org.br\/index.php\/rio-inicia-aplicacao-de-dose-de-reforco-em-adolescentes-na-segunda\/","title":{"rendered":"Rio inicia aplica\u00e7\u00e3o de dose de refor\u00e7o em adolescentes na segunda"},"content":{"rendered":"<p>A Secretaria Municipal de Sa\u00fade do Rio\u00a0de Janeiro\u00a0(SMS) vai iniciar, na pr\u00f3xima\u00a0segunda-feira (30), a aplica\u00e7\u00e3o da dose de refor\u00e7o das vacinas contra covid-19 em adolescentes de 12 a 17 anos.\u00a0<img decoding=\"async\" src=\"https:\/\/agenciabrasil.ebc.com.br\/ebc.png?id=1462345&amp;o=node\" \/><img decoding=\"async\" src=\"https:\/\/agenciabrasil.ebc.com.br\/ebc.gif?id=1462345&amp;o=node\" \/><\/p>\n<p>A informa\u00e7\u00e3o foi publicada\u00a0hoje\u00a0(28) pelo \u00f3rg\u00e3o em suas redes sociais, um dia depois de o Minist\u00e9rio da Sa\u00fade\u00a0ter\u00a0divulgado nota\u00a0ampliando o refor\u00e7o da imuniza\u00e7\u00e3o\u00a0para esse p\u00fablico<\/p>\n<p>Para receber a terceira aplica\u00e7\u00e3o, os adolescentes devem\u00a0ter\u00a0sido vacinados com a\u00a0segunda\u00a0dose h\u00e1 pelo menos quatro meses. As vacinas que ser\u00e3o utilizadas s\u00e3o a CoronaVac e a Pfizer, de acordo com a disponibilidade.<\/p>\n<p>A vacina\u00e7\u00e3o com dose de refor\u00e7o tamb\u00e9m j\u00e1 est\u00e1 dispon\u00edvel para todos os adultos que tomaram a\u00a0segunda\u00a0dose h\u00e1 pelo\u00a0menos quatro meses. J\u00e1 a aplica\u00e7\u00e3o da\u00a0segunda\u00a0dose de refor\u00e7o \u00e9 recomendada para quem tem ao\u00a0menos 60 anos e tomou a primeira dose de refor\u00e7o h\u00e1 pelo\u00a0menos quatro meses.<\/p>\n<p>Qualquer pessoa com 5 anos ou mais que n\u00e3o se vacinou com a primeira dose tamb\u00e9m pode receber a vacina contra a covid-19 nos centros municipais de sa\u00fade e cl\u00ednicas da fam\u00edlia.<\/p>\n<h2>Imunossuprimidos<\/h2>\n<p>Pessoas com imunossupress\u00e3o grave, com 12 anos ou mais, devem tomar a terceira dose da vacina oito semanas ap\u00f3s a\u00a0segunda\u00a0dose, com intervalo m\u00ednimo de quatro semanas. Para isso, \u00e9 necess\u00e1rio apresentar comprova\u00e7\u00e3o.<\/p>\n<p>Quem tem 18 anos, sofre de imunossupress\u00e3o e recebeu tr\u00eas doses no esquema prim\u00e1rio (duas doses e uma adicional) deve tomar nova aplica\u00e7\u00e3o\u00a0com intervalo de quatro meses da dose adicional.<\/p>\n","protected":false},"excerpt":{"rendered":"<p>A Secretaria Municipal de Sa\u00fade do Rio\u00a0de Janeiro\u00a0(SMS) vai iniciar, na pr\u00f3xima\u00a0segunda-feira (30), a aplica\u00e7\u00e3o da dose de refor\u00e7o das vacinas contra covid-19 em adolescentes&#8230;<\/p>\n","protected":false},"author":1527,"featured_media":39423,"comment_status":"closed","ping_status":"closed","sticky":false,"template":"","format":"standard","meta":{"footnotes":""},"categories":[6],"tags":[],"class_list":["post-39422","post","type-post","status-publish","format-standard","has-post-thumbnail","hentry","category-noticias"],"_links":{"self":[{"href":"https:\/\/www.sincomam.org.br\/index.php\/wp-json\/wp\/v2\/posts\/39422","targetHints":{"allow":["GET"]}}],"collection":[{"href":"https:\/\/www.sincomam.org.br\/index.php\/wp-json\/wp\/v2\/posts"}],"about":[{"href":"https:\/\/www.sincomam.org.br\/index.php\/wp-json\/wp\/v2\/types\/post"}],"author":[{"embeddable":true,"href":"https:\/\/www.sincomam.org.br\/index.php\/wp-json\/wp\/v2\/users\/1527"}],"replies":[{"embeddable":true,"href":"https:\/\/www.sincomam.org.br\/index.php\/wp-json\/wp\/v2\/comments?post=39422"}],"version-history":[{"count":1,"href":"https:\/\/www.sincomam.org.br\/index.php\/wp-json\/wp\/v2\/posts\/39422\/revisions"}],"predecessor-version":[{"id":39424,"href":"https:\/\/www.sincomam.org.br\/index.php\/wp-json\/wp\/v2\/posts\/39422\/revisions\/39424"}],"wp:featuredmedia":[{"embeddable":true,"href":"https:\/\/www.sincomam.org.br\/index.php\/wp-json\/wp\/v2\/media\/39423"}],"wp:attachment":[{"href":"https:\/\/www.sincomam.org.br\/index.php\/wp-json\/wp\/v2\/media?parent=39422"}],"wp:term":[{"taxonomy":"category","embeddable":true,"href":"https:\/\/www.sincomam.org.br\/index.php\/wp-json\/wp\/v2\/categories?post=39422"},{"taxonomy":"post_tag","embeddable":true,"href":"https:\/\/www.sincomam.org.br\/index.php\/wp-json\/wp\/v2\/tags?post=39422"}],"curies":[{"name":"wp","href":"https:\/\/api.w.org\/{rel}","templated":true}]}}