{"id":39401,"date":"2022-05-27T10:47:38","date_gmt":"2022-05-27T13:47:38","guid":{"rendered":"http:\/\/www.sincomam.org.br\/?p=39401"},"modified":"2022-05-27T10:50:26","modified_gmt":"2022-05-27T13:50:26","slug":"petrobras-notifica-o-governo-sobre-risco-de-falta-de-diesel-no-pais","status":"publish","type":"post","link":"https:\/\/www.sincomam.org.br\/index.php\/petrobras-notifica-o-governo-sobre-risco-de-falta-de-diesel-no-pais\/","title":{"rendered":"Petrobras notifica o governo sobre risco de falta de diesel no pa\u00eds"},"content":{"rendered":"<p data-fetch=\"true\">Nesta \u00faltima quinta-feira ao final do dia, a Petrobras enviou um of\u00edcio ao governo brasileiro, formalizando o alerta para um poss\u00edvel desabastecimento de diesel em todo o pa\u00eds.<\/p>\n<p>A informa\u00e7\u00e3o j\u00e1 havia sido passada informalmente ao presidente e seus ministros pela estatal. Dessa maneira a equipe do governo n\u00e3o poder\u00e1 alegar falta de conhecimento sobre a problem\u00e1tica ou ainda jogar a responsabilidade nas costas da companhia caso a crise se instale.<\/p>\n<p>Os conselheiros da Petrobras informaram estar perplexos pela falta de movimenta\u00e7\u00e3o do governo em criar um plano de emerg\u00eancia para uma poss\u00edvel escassez de diesel.<\/p>\n<h2 id=\"h-escassez-e-alta-nos-precos\"><strong>Escassez e alta nos pre\u00e7os<\/strong><\/h2>\n<p>Para a Petrobr\u00e1s uma das justificativas para defender a alta nos pre\u00e7os do diesel praticados no mercado \u00e9 justamente pela escassez do combust\u00edvel.<\/p>\n<div id=\"jorna-260563114\" class=\"jorna-conteudo_4\">\n<div>Ainda segundo previs\u00e3o da Petrobr\u00e1s \u00e9 que as bombas poderiam ficar zeradas a partir do terceiro trimestre, momento onde a demanda do diesel acaba sendo maior, tanto no Brasil quanto nos Estados Unidos.<\/div>\n<\/div>\n<p data-fetch=\"true\">O motivo para isso \u00e9 a \u00e9poca em que ocorre o pico na exporta\u00e7\u00e3o de gr\u00e3os pelo pa\u00eds, assim, como consequ\u00eancia, uma crise pode afetar diretamente o Produto Interno Bruto (PIB) do Brasil.<\/p>\n<h2 id=\"h-caminhoneiros\"><strong>Caminhoneiros<\/strong><\/h2>\n<p>A situa\u00e7\u00e3o que j\u00e1 vinha se arrastando com os caminhoneiros que reclamam da alta no pre\u00e7o do diesel agora acabam obtendo mais um fator de estresse que \u00e9 justamente a transpar\u00eancia com rela\u00e7\u00e3o ao estoque de diesel no mercado.<\/p>\n<div id=\"jorna-715600861\" class=\"jorna-amp-teads\">\n<div>Para Wallace Landim, presidente da Associa\u00e7\u00e3o Brasileira de Condutores de Ve\u00edculos Automotores (Abrava), at\u00e9 o momento n\u00e3o est\u00e1 faltando diesel em larga escala, mas \u00e9 uma situa\u00e7\u00e3o preocupante.<\/div>\n<\/div>\n<p>J\u00e1 para o presidente da Associa\u00e7\u00e3o Brasileira dos Importadores de Combust\u00edveis (Abicom), S\u00e9rgio Ara\u00fajo, o que preocupa no pa\u00eds \u00e9 a defasagem de pre\u00e7o e a falta de previsibilidade.<\/p>\n<p>Para o presidente da Abicom, os grandes importadores (Petrobras, Ipiranga, Ra\u00edzen e Vibra) t\u00eam feito importa\u00e7\u00f5es elevadas, contudo, os outros 300 importadores do mercado n\u00e3o est\u00e3o conseguindo.<\/p>\n<p data-fetch=\"true\">Assim, ainda n\u00e3o h\u00e1 como ter certeza de quais atitudes tomar, pois, at\u00e9 o momento a situa\u00e7\u00e3o est\u00e1 incerta e \u00e9 necess\u00e1rio ligar o alerta sobre uma poss\u00edvel escassez de diesel e suas consequ\u00eancias.<\/p>\n<div id=\"jorna-104219927\" class=\"jorna-amp-5\">Fonte: Jornal Cont\u00e1bil<\/div>\n<div id=\"jorna-1836252789\" class=\"jorna-depois-do-conteudo\"><\/div>\n<div id=\"jorna-1742869393\" class=\"jorna-final-materia\">\n<div id=\"ppBoxFinalMateria\"><\/div>\n<\/div>\n","protected":false},"excerpt":{"rendered":"<p>Nesta \u00faltima quinta-feira ao final do dia, a Petrobras enviou um of\u00edcio ao governo brasileiro, formalizando o alerta para um poss\u00edvel desabastecimento de diesel em&#8230;<\/p>\n","protected":false},"author":1527,"featured_media":38730,"comment_status":"closed","ping_status":"closed","sticky":false,"template":"","format":"standard","meta":{"footnotes":""},"categories":[6],"tags":[],"class_list":["post-39401","post","type-post","status-publish","format-standard","has-post-thumbnail","hentry","category-noticias"],"_links":{"self":[{"href":"https:\/\/www.sincomam.org.br\/index.php\/wp-json\/wp\/v2\/posts\/39401","targetHints":{"allow":["GET"]}}],"collection":[{"href":"https:\/\/www.sincomam.org.br\/index.php\/wp-json\/wp\/v2\/posts"}],"about":[{"href":"https:\/\/www.sincomam.org.br\/index.php\/wp-json\/wp\/v2\/types\/post"}],"author":[{"embeddable":true,"href":"https:\/\/www.sincomam.org.br\/index.php\/wp-json\/wp\/v2\/users\/1527"}],"replies":[{"embeddable":true,"href":"https:\/\/www.sincomam.org.br\/index.php\/wp-json\/wp\/v2\/comments?post=39401"}],"version-history":[{"count":1,"href":"https:\/\/www.sincomam.org.br\/index.php\/wp-json\/wp\/v2\/posts\/39401\/revisions"}],"predecessor-version":[{"id":39402,"href":"https:\/\/www.sincomam.org.br\/index.php\/wp-json\/wp\/v2\/posts\/39401\/revisions\/39402"}],"wp:featuredmedia":[{"embeddable":true,"href":"https:\/\/www.sincomam.org.br\/index.php\/wp-json\/wp\/v2\/media\/38730"}],"wp:attachment":[{"href":"https:\/\/www.sincomam.org.br\/index.php\/wp-json\/wp\/v2\/media?parent=39401"}],"wp:term":[{"taxonomy":"category","embeddable":true,"href":"https:\/\/www.sincomam.org.br\/index.php\/wp-json\/wp\/v2\/categories?post=39401"},{"taxonomy":"post_tag","embeddable":true,"href":"https:\/\/www.sincomam.org.br\/index.php\/wp-json\/wp\/v2\/tags?post=39401"}],"curies":[{"name":"wp","href":"https:\/\/api.w.org\/{rel}","templated":true}]}}