{"id":39385,"date":"2022-05-26T10:32:32","date_gmt":"2022-05-26T13:32:32","guid":{"rendered":"http:\/\/www.sincomam.org.br\/?p=39385"},"modified":"2022-05-26T10:32:32","modified_gmt":"2022-05-26T13:32:32","slug":"nova-lei-do-inss-tras-de-volta-divisor-minimo-pondo-fim-ao-milagre-da-contribuicao-unica","status":"publish","type":"post","link":"https:\/\/www.sincomam.org.br\/index.php\/nova-lei-do-inss-tras-de-volta-divisor-minimo-pondo-fim-ao-milagre-da-contribuicao-unica\/","title":{"rendered":"Nova lei do INSS tr\u00e1s de volta divisor m\u00ednimo pondo fim ao \u201cmilagre da contribui\u00e7\u00e3o \u00fanica\u201d"},"content":{"rendered":"<p data-fetch=\"true\">Publicada em 05\/05\/2022, com vig\u00eancia imediata, a\u00a0Lei n\u00ba 14.331\/2022, trouxe mudan\u00e7as importantes\u00a0que afetam\u00a0as\u00a0aposentadorias. As \u00fanicas aposentadorias que n\u00e3o ser\u00e3o afetas s\u00e3o a aposentadoria por incapacidade permanente e os benef\u00edcios por incapacidade.\u00a0Sem mais delongas saiba mais sobre as mudan\u00e7as.<\/p>\n<h2 id=\"h-fim-do-milagre-da-contribuicao-unica\">Fim do \u201cmilagre da contribui\u00e7\u00e3o \u00fanica\u201d<\/h2>\n<p>O \u201cmilagre\u201d da contribui\u00e7\u00e3o \u00fanica era uma t\u00e9cnica para\u00a0aumentar o valor da aposentad<strong>oria\u00a0<\/strong>de um segurado que estava prestes a se aposentar. A aposentadoria com base no milagre da contribui\u00e7\u00e3o \u00fanica foi uma estrat\u00e9gia que permitiu aumentar o valor de uma aposentadoria, muitas vezes, de 1 sal\u00e1rio m\u00ednimo para 60% do teto do\u00a0INSS\u00a0com apenas 1 contribui\u00e7\u00e3o para o INSS.<\/p>\n<p data-fetch=\"true\">Por\u00e9m a\u00a0Lei 14.331\/2022 acabou com\u00a0o Milagre da Contribui\u00e7\u00e3o \u00danica pois com o restabelecimento da regra do divisor m\u00ednimo esta estrat\u00e9gia deixou de ser poss\u00edvel.<\/p>\n<p>Agora voc\u00ea s\u00f3 pode se beneficiar do Milagre da Contribui\u00e7\u00e3o \u00danica se completou a idade m\u00ednima e pagou contribui\u00e7\u00e3o \u00fanica at\u00e9 o dia 04\/05\/2022.<\/p>\n<h2>Divisor m\u00ednimo<\/h2>\n<p>A Reforma da Previdencia extinguiu o divisor m\u00ednimo para as novas aposentadorias e a mudan\u00e7a constitucional ainda possibilitou ao segurado a exclus\u00e3o de contribui\u00e7\u00f5es do per\u00edodo b\u00e1sico de c\u00e1lculo.<\/p>\n<p>Por\u00e9m com as novas altera\u00e7\u00f5es o divisor m\u00ednimo voltou e ele exige a divis\u00e3o da m\u00e9dia das contribui\u00e7\u00f5es do segurado por um n\u00famero determinado, no caso atual: 108 (cento e oito) meses.<\/p>\n<p>O divisor \u00e9 destinado para quem fez poucas contribui\u00e7\u00f5es para a Previd\u00eancia a partir de julho de 1994. O\u00a0divisor m\u00ednimo\u00a0ser\u00e1 utilizado se voc\u00ea tiver menos de 60% das contribui\u00e7\u00f5es entre 07\/1994 e a data do in\u00edcio do seu benef\u00edcio.<\/p>\n<p data-fetch=\"true\">Lembrando que caso o trabalhador tenho os 15 anos (180 meses) de contribui\u00e7\u00e3o entre julho de 1994 e 2009, ela vai entrar na regra de c\u00e1lculo de antes da Reforma.<\/p>\n<p>Ou seja,\u00a0\u00a080% maiores sal\u00e1rios de contribui\u00e7\u00e3o, ou seja, os 144 meses em que ela teve uma contribui\u00e7\u00e3o maior a partir de julho de 1994.<\/p>\n<h2>Novos requisitos da peti\u00e7\u00e3o inicial de benef\u00edcios por incapacidade<\/h2>\n<p>Essa \u00e9 outra novidade que a lei trouxe, essa mudan\u00e7a n\u00e3o causa impacto no c\u00e1lculo da aposentadoria, mas vale a pena conhecer.<\/p>\n<p>A partir do dia 05\/05\/2022 as peti\u00e7\u00f5es iniciais devem conter os seguintes requisitos:<\/p>\n<ol>\n<li>descri\u00e7\u00e3o clara da doen\u00e7a e das limita\u00e7\u00f5es que ela imp\u00f5e;<\/li>\n<li>indica\u00e7\u00e3o da atividade para a qual o autor alega estar incapacitado;<\/li>\n<li>poss\u00edveis inconsist\u00eancias da avalia\u00e7\u00e3o m\u00e9dico-pericial discutida; e<\/li>\n<li>declara\u00e7\u00e3o quanto \u00e0 exist\u00eancia de a\u00e7\u00e3o judicial anterior com o objeto de que trata este artigo, esclarecendo os motivos pelos quais se entende n\u00e3o haver litispend\u00eancia ou coisa julgada, quando for o caso;<\/li>\n<\/ol>\n<div id=\"P_JORNAL_CONTABIL_INTEXT_04_0\" data-premium=\"\" data-adunit=\"JORNAL_CONTABIL_INTEXT_04\" data-sizes-mobile=\"[[336,280],[300,250],[2,2]]\" data-sizes-desktop=\"[[336,280],[300,250],[2,2]]\" data-type=\"intext\" data-fetch=\"true\" data-google-query-id=\"CIfcgfGh_fcCFXUDuQYd2dEBfA\">\n<p data-fetch=\"true\">A peti\u00e7\u00e3o inicial dever\u00e1 conter os seguintes\u00a0documentos:<\/p>\n<ol>\n<li>comprovante de indeferimento do benef\u00edcio ou de sua n\u00e3o prorroga\u00e7\u00e3o, quando for o caso, pela administra\u00e7\u00e3o p\u00fablica;<\/li>\n<li>comprovante da ocorr\u00eancia do acidente de qualquer natureza ou do acidente do trabalho, sempre que houver um acidente apontado como causa da incapacidade;<\/li>\n<li>documenta\u00e7\u00e3o m\u00e9dica de que dispuser relativa \u00e0 doen\u00e7a alegada como a causa da incapacidade discutida na via administrativa.<\/li>\n<\/ol>\n<p>Fonte: Jornal Cont\u00e1bil<\/p>\n<\/div>\n","protected":false},"excerpt":{"rendered":"<p>Publicada em 05\/05\/2022, com vig\u00eancia imediata, a\u00a0Lei n\u00ba 14.331\/2022, trouxe mudan\u00e7as importantes\u00a0que afetam\u00a0as\u00a0aposentadorias. As \u00fanicas aposentadorias que n\u00e3o ser\u00e3o afetas s\u00e3o a aposentadoria por incapacidade&#8230;<\/p>\n","protected":false},"author":1527,"featured_media":20357,"comment_status":"closed","ping_status":"closed","sticky":false,"template":"","format":"standard","meta":{"footnotes":""},"categories":[6],"tags":[],"class_list":["post-39385","post","type-post","status-publish","format-standard","has-post-thumbnail","hentry","category-noticias"],"_links":{"self":[{"href":"https:\/\/www.sincomam.org.br\/index.php\/wp-json\/wp\/v2\/posts\/39385","targetHints":{"allow":["GET"]}}],"collection":[{"href":"https:\/\/www.sincomam.org.br\/index.php\/wp-json\/wp\/v2\/posts"}],"about":[{"href":"https:\/\/www.sincomam.org.br\/index.php\/wp-json\/wp\/v2\/types\/post"}],"author":[{"embeddable":true,"href":"https:\/\/www.sincomam.org.br\/index.php\/wp-json\/wp\/v2\/users\/1527"}],"replies":[{"embeddable":true,"href":"https:\/\/www.sincomam.org.br\/index.php\/wp-json\/wp\/v2\/comments?post=39385"}],"version-history":[{"count":1,"href":"https:\/\/www.sincomam.org.br\/index.php\/wp-json\/wp\/v2\/posts\/39385\/revisions"}],"predecessor-version":[{"id":39386,"href":"https:\/\/www.sincomam.org.br\/index.php\/wp-json\/wp\/v2\/posts\/39385\/revisions\/39386"}],"wp:featuredmedia":[{"embeddable":true,"href":"https:\/\/www.sincomam.org.br\/index.php\/wp-json\/wp\/v2\/media\/20357"}],"wp:attachment":[{"href":"https:\/\/www.sincomam.org.br\/index.php\/wp-json\/wp\/v2\/media?parent=39385"}],"wp:term":[{"taxonomy":"category","embeddable":true,"href":"https:\/\/www.sincomam.org.br\/index.php\/wp-json\/wp\/v2\/categories?post=39385"},{"taxonomy":"post_tag","embeddable":true,"href":"https:\/\/www.sincomam.org.br\/index.php\/wp-json\/wp\/v2\/tags?post=39385"}],"curies":[{"name":"wp","href":"https:\/\/api.w.org\/{rel}","templated":true}]}}