{"id":39381,"date":"2022-05-26T10:26:36","date_gmt":"2022-05-26T13:26:36","guid":{"rendered":"http:\/\/www.sincomam.org.br\/?p=39381"},"modified":"2022-05-26T10:30:01","modified_gmt":"2022-05-26T13:30:01","slug":"motivos-podem-garantir-direito-ao-saque-do-fgts","status":"publish","type":"post","link":"https:\/\/www.sincomam.org.br\/index.php\/motivos-podem-garantir-direito-ao-saque-do-fgts\/","title":{"rendered":"Motivos podem garantir direito ao saque do FGTS"},"content":{"rendered":"<p data-fetch=\"true\">O FGTS \u00e9 um benef\u00edcio destinado ao trabalhador que realiza suas atividades laborais regidos sob o regime da CLT.<\/p>\n<div id=\"jorna-863431275\" class=\"jorna-aftter-first\"><\/div>\n<p>O fundo foi desenvolvido para proteger o trabalhador demitido sem justa causa, no entanto, existem outros motivos que podem garantir acesso ao dinheiro no fundo, e hoje voc\u00ea vai conhecer quais s\u00e3o eles.<\/p>\n<h3 id=\"h-situacoes-que-garantem-direito-ao-saque-do-fgts\"><strong>Situa\u00e7\u00f5es que garantem direito ao saque do FGTS<\/strong><\/h3>\n<p>Primeiramente uma vez que o FGTS \u00e9 depositado este dinheiro j\u00e1 se torna propriedade do trabalhador, no entanto, o acesso s\u00f3 \u00e9 garantido em determinadas situa\u00e7\u00f5es como essas abaixo:<\/p>\n<ul>\n<li>Dispensa sem justa causa;<\/li>\n<li>Fim do v\u00ednculo empregat\u00edcio por acordo entre empregador e empregado;<\/li>\n<li>Rescis\u00e3o por t\u00e9rmino de contrato por prazo determinado;<\/li>\n<li>Rescis\u00e3o por fal\u00eancia da empresa;<\/li>\n<li>Rescis\u00e3o por culpa rec\u00edproca ou por for\u00e7a maior;<\/li>\n<li>Na aposentadoria<\/li>\n<li>Na aquisi\u00e7\u00e3o da casa pr\u00f3pria;<\/li>\n<li>Em casos de financiamentos imobili\u00e1rios pelo SFH;<\/li>\n<li>Em caso de calamidade p\u00fablica, como em enchentes e vendavais;<\/li>\n<li>Suspens\u00e3o do trabalho avulso por per\u00edodo igual ou superior a 90 dias;<\/li>\n<li>Para trabalhadores com 70 anos ou mais;<\/li>\n<li>Titular ou dependente portador de HIV;<\/li>\n<li>Trabalhadores ou dependente diagnosticados com c\u00e2ncer;<\/li>\n<li>Trabalhadores ou dependentes que estejam em est\u00e1gio terminal por causa de uma doen\u00e7a grave;<\/li>\n<li>Cidad\u00e3os a tr\u00eas anos ininterruptos sem registro na Carteira de Trabalho<\/li>\n<li>Em caso de falecimento do titular \u2014 neste caso, o saque caber\u00e1 aos herdeiros habilitados.<\/li>\n<\/ul>\n<div id=\"P_JORNAL_CONTABIL_INTEXT_02_0\" data-premium=\"\" data-adunit=\"JORNAL_CONTABIL_INTEXT_02\" data-sizes-mobile=\"[[336,280],[300,250],[2,2]]\" data-sizes-desktop=\"[[336,280],[300,250],[2,2]]\" data-type=\"intext\" data-fetch=\"true\" data-google-query-id=\"CNC9i8Se_fcCFVYcuQYdKdMNZw\">\n<p data-fetch=\"true\">Atualmente o FGTS ainda pode ser retirado atrav\u00e9s de outras oportunidades, como no caso do saque-anivers\u00e1rio ou do saque extraordin\u00e1rio que est\u00e1 sendo liberado em 2022.<\/p>\n<div id=\"jorna-725512134\" class=\"jorna-conteudo_4\">\n<div><\/div>\n<\/div>\n<h3 id=\"h-como-consultar-o-saldo-do-meu-fgts\"><strong>Como consultar o saldo do meu FGTS?<\/strong><\/h3>\n<p>O trabalhador pode consultar o valor que possui nas suas contas ativas e inativas do fundo, por da Caixa Econ\u00f4mica Federal.<\/p>\n<p>Outra op\u00e7\u00e3o \u00e9 efetuar a consulta pelo aplicativo do FGTS que pode ser feita seguindo os passos abaixo:<\/p>\n<ul>\n<li>Baixe o aplicativo do FGTS (dispon\u00edvel para\u00a0<a href=\"https:\/\/play.google.com\/store\/apps\/details?id=br.gov.caixa.fgts.trabalhador&amp;hl=pt_BR&amp;gl=US\">Android<\/a>\u00a0e\u00a0<a href=\"https:\/\/apps.apple.com\/br\/app\/fgts\/id1038441027\">IOS<\/a>);<\/li>\n<li>Abra o aplicativo e clique em continuar;<\/li>\n<li>Informe a numera\u00e7\u00e3o do seu CPF;<\/li>\n<li>Digite sua senha, caso ainda n\u00e3o possua, realize o cadastro;<\/li>\n<li>Nesse momento, a plataforma pede para voc\u00ea cadastrar uma conta banc\u00e1ria, caso n\u00e3o queira isso, volte para tela inicial;<\/li>\n<li>Clique nos valores do FGTS da empresa atual, ou alguma outra referente a um emprego anterior;<\/li>\n<li>Para ver todas as empresas nas quais voc\u00ea trabalhou, clique em \u201cTodas as Contas\u201d;<\/li>\n<li>Feito isso, basta verificar o saldo e gerar o PDF com o extrato<\/li>\n<\/ul>\n<p>Fonte: Jornal Cont\u00e1bil<\/p>\n<\/div>\n","protected":false},"excerpt":{"rendered":"<p>O FGTS \u00e9 um benef\u00edcio destinado ao trabalhador que realiza suas atividades laborais regidos sob o regime da CLT. O fundo foi desenvolvido para proteger&#8230;<\/p>\n","protected":false},"author":1527,"featured_media":33114,"comment_status":"closed","ping_status":"closed","sticky":false,"template":"","format":"standard","meta":{"footnotes":""},"categories":[6],"tags":[],"class_list":["post-39381","post","type-post","status-publish","format-standard","has-post-thumbnail","hentry","category-noticias"],"_links":{"self":[{"href":"https:\/\/www.sincomam.org.br\/index.php\/wp-json\/wp\/v2\/posts\/39381","targetHints":{"allow":["GET"]}}],"collection":[{"href":"https:\/\/www.sincomam.org.br\/index.php\/wp-json\/wp\/v2\/posts"}],"about":[{"href":"https:\/\/www.sincomam.org.br\/index.php\/wp-json\/wp\/v2\/types\/post"}],"author":[{"embeddable":true,"href":"https:\/\/www.sincomam.org.br\/index.php\/wp-json\/wp\/v2\/users\/1527"}],"replies":[{"embeddable":true,"href":"https:\/\/www.sincomam.org.br\/index.php\/wp-json\/wp\/v2\/comments?post=39381"}],"version-history":[{"count":3,"href":"https:\/\/www.sincomam.org.br\/index.php\/wp-json\/wp\/v2\/posts\/39381\/revisions"}],"predecessor-version":[{"id":39384,"href":"https:\/\/www.sincomam.org.br\/index.php\/wp-json\/wp\/v2\/posts\/39381\/revisions\/39384"}],"wp:featuredmedia":[{"embeddable":true,"href":"https:\/\/www.sincomam.org.br\/index.php\/wp-json\/wp\/v2\/media\/33114"}],"wp:attachment":[{"href":"https:\/\/www.sincomam.org.br\/index.php\/wp-json\/wp\/v2\/media?parent=39381"}],"wp:term":[{"taxonomy":"category","embeddable":true,"href":"https:\/\/www.sincomam.org.br\/index.php\/wp-json\/wp\/v2\/categories?post=39381"},{"taxonomy":"post_tag","embeddable":true,"href":"https:\/\/www.sincomam.org.br\/index.php\/wp-json\/wp\/v2\/tags?post=39381"}],"curies":[{"name":"wp","href":"https:\/\/api.w.org\/{rel}","templated":true}]}}