{"id":39369,"date":"2022-05-25T10:36:52","date_gmt":"2022-05-25T13:36:52","guid":{"rendered":"http:\/\/www.sincomam.org.br\/?p=39369"},"modified":"2022-05-25T10:36:52","modified_gmt":"2022-05-25T13:36:52","slug":"apos-fim-da-greve-cidadao-precisa-esperar-de-90-a-120-dias-para-conseguir-pericia","status":"publish","type":"post","link":"https:\/\/www.sincomam.org.br\/index.php\/apos-fim-da-greve-cidadao-precisa-esperar-de-90-a-120-dias-para-conseguir-pericia\/","title":{"rendered":"Ap\u00f3s fim da greve cidad\u00e3o precisa esperar de 90 a 120 dias para conseguir per\u00edcia"},"content":{"rendered":"<p data-fetch=\"true\">Nesta segunda-feira 23 de maio, os\u00a0peritos m\u00e9dicos\u00a0encerraram a greve da categoria e decidiram voltar ao trabalho ap\u00f3s dois meses de paralisa\u00e7\u00e3o.<\/p>\n<div id=\"jorna-1684339035\" class=\"jorna-aftter-first\"><\/div>\n<p>A categoria aceitou um reajuste linear de 5% que ser\u00e1 aplicado a todos os servidores, o fim da grave foi feito atrav\u00e9s de um acordo, assinado no Minist\u00e9rio do Trabalho e Previd\u00eancia Social na presen\u00e7a do ministro Jos\u00e9 Carlos Oliveira, do presidente do\u00a0INSS\u00a0Guilherme Serrano, da vice-diretora de Gest\u00e3o de Pessoas do INSS Eva Lorena Ferreira e de representantes das categorias.<\/p>\n<p>E de acordo com a Associa\u00e7\u00e3o Nacional dos M\u00e9dicos Peritos (ANMP), todas as 18 reivindica\u00e7\u00f5es da categoria foram atendidas pelo governo federal.<\/p>\n<p>Francisco Eduardo Cardoso Alves, explicou o que \u201cA quest\u00e3o do aumento tem uma condicionante: se o governo for dar aumento linear para todas as carreiras do servi\u00e7o p\u00fablico federal, sem nenhuma exce\u00e7\u00e3o, a gente, obviamente, vai entrar nesse aumento linear. Por\u00e9m, se o governo quiser privilegiar uma ou outra carreira, que seja, automaticamente n\u00f3s vamos entrar nos 19,9% [de reajuste]\u201d, disse em transmiss\u00e3o pela internet.<\/p>\n<div id=\"jorna-267593505\" class=\"jorna-conteudo_4\">\n<div><\/div>\n<\/div>\n<h2 id=\"h-fila-de-espera\">Fila de espera<\/h2>\n<p id=\"h-a-fila-de-espera-para-uma-consulta-medica-cresceu-nos-ultimos-dias\" data-fetch=\"true\">A\u00a0fila de espera\u00a0para uma consulta m\u00e9dica cresceu consideravelmente ap\u00f3s os 52 dias de greve dos peritos m\u00e9dicos de acordo com dados do Instituto Brasileiro de Direito Previdenci\u00e1rio (IBDP).<\/p>\n<p>De acordo com a Secretaria do Trabalho e Previd\u00eancia, mais de 1 milh\u00e3o de segurados no total est\u00e3o na fila para uma per\u00edcia m\u00e9dica.<\/p>\n<p>Segundo dados do IBDP, atualmente o cidad\u00e3o precisa esperar de 90 a 120 dias para conseguir a consulta. No documento assinado que finalizou a greve, os servidores prometem substituir os dias n\u00e3o trabalhados para que assim possa agilizar a an\u00e1lise do processo e a distribui\u00e7\u00e3o de benef\u00edcios.<\/p>\n<div id=\"jorna-1123213515\" class=\"jorna-amp-teads\">\n<div><\/div>\n<\/div>\n<p>Adriane Bramante, diretora do IBDP disse, \u201cEspero que com o fim da greve tenhamos uma for\u00e7a-tarefa para que o que ficou represado possa ser conclu\u00eddo o mais r\u00e1pido poss\u00edvel. Estamos falando de pessoas que precisam de per\u00edcia porque est\u00e3o doentes, ou t\u00eam algum tipo de defici\u00eancia, ou est\u00e3o em situa\u00e7\u00e3o de pobreza\u201d.<\/p>\n<p>Em entrevista para a emissora CNN Brasil a diretora, diz ser preciso colocar urg\u00eancia nessas medidas, com per\u00edcias extraordin\u00e1rias, agendamentos aos s\u00e1bados e em hor\u00e1rios que n\u00e3o costuma ter atendimentos.<\/p>\n<div id=\"jorna-1596164898\" class=\"jorna-conteudo-4\"><\/div>\n<h2>Atendimentos p\u00f3s greve<\/h2>\n<p data-fetch=\"true\">Os servidores ter\u00e3o 8 meses para compensar os dias n\u00e3o trabalhados de modo presencial ou remoto.<\/p>\n<p>Para reduzir a fila de exames periciais agendados, foi definida a realiza\u00e7\u00e3o de at\u00e9 12 atendimentos di\u00e1rios por profissional.<\/p>\n<p>No entanto, de acordo com lei de 2019, os m\u00e9dicos que ultrapassarem essa quantidade, v\u00e3o receber R$ 61,72 por per\u00edcia extraordin\u00e1ria.<\/p>\n<p>O Minist\u00e9rio do Trabalho e Previd\u00eancia Social disse \u201cEsclarecemos que, neste momento, ser\u00e3o realizadas as\u00a0per\u00edcias\u00a0que j\u00e1 estavam agendadas, seguindo os procedimentos ordin\u00e1rios. As medidas para redu\u00e7\u00e3o do estoque e das per\u00edcias impactadas pela greve ser\u00e3o objeto de normativo a ser publicado em breve\u201c.<\/p>\n<p>O INSS afirmou que os cidad\u00e3os que n\u00e3o conseguiram atendimento\u00a0por causa da greve\u00a0devem reagendar os atendimentos atrav\u00e9s do sistema do site ou app do Meu INSS.<\/p>\n<p>Fonte: Jornal Cont\u00e1bil<\/p>\n","protected":false},"excerpt":{"rendered":"<p>Nesta segunda-feira 23 de maio, os\u00a0peritos m\u00e9dicos\u00a0encerraram a greve da categoria e decidiram voltar ao trabalho ap\u00f3s dois meses de paralisa\u00e7\u00e3o. A categoria aceitou um&#8230;<\/p>\n","protected":false},"author":1527,"featured_media":32456,"comment_status":"closed","ping_status":"closed","sticky":false,"template":"","format":"standard","meta":{"footnotes":""},"categories":[6],"tags":[],"class_list":["post-39369","post","type-post","status-publish","format-standard","has-post-thumbnail","hentry","category-noticias"],"_links":{"self":[{"href":"https:\/\/www.sincomam.org.br\/index.php\/wp-json\/wp\/v2\/posts\/39369","targetHints":{"allow":["GET"]}}],"collection":[{"href":"https:\/\/www.sincomam.org.br\/index.php\/wp-json\/wp\/v2\/posts"}],"about":[{"href":"https:\/\/www.sincomam.org.br\/index.php\/wp-json\/wp\/v2\/types\/post"}],"author":[{"embeddable":true,"href":"https:\/\/www.sincomam.org.br\/index.php\/wp-json\/wp\/v2\/users\/1527"}],"replies":[{"embeddable":true,"href":"https:\/\/www.sincomam.org.br\/index.php\/wp-json\/wp\/v2\/comments?post=39369"}],"version-history":[{"count":1,"href":"https:\/\/www.sincomam.org.br\/index.php\/wp-json\/wp\/v2\/posts\/39369\/revisions"}],"predecessor-version":[{"id":39370,"href":"https:\/\/www.sincomam.org.br\/index.php\/wp-json\/wp\/v2\/posts\/39369\/revisions\/39370"}],"wp:featuredmedia":[{"embeddable":true,"href":"https:\/\/www.sincomam.org.br\/index.php\/wp-json\/wp\/v2\/media\/32456"}],"wp:attachment":[{"href":"https:\/\/www.sincomam.org.br\/index.php\/wp-json\/wp\/v2\/media?parent=39369"}],"wp:term":[{"taxonomy":"category","embeddable":true,"href":"https:\/\/www.sincomam.org.br\/index.php\/wp-json\/wp\/v2\/categories?post=39369"},{"taxonomy":"post_tag","embeddable":true,"href":"https:\/\/www.sincomam.org.br\/index.php\/wp-json\/wp\/v2\/tags?post=39369"}],"curies":[{"name":"wp","href":"https:\/\/api.w.org\/{rel}","templated":true}]}}