{"id":39363,"date":"2022-05-25T10:33:16","date_gmt":"2022-05-25T13:33:16","guid":{"rendered":"http:\/\/www.sincomam.org.br\/?p=39363"},"modified":"2022-05-25T10:33:16","modified_gmt":"2022-05-25T13:33:16","slug":"mario-povia-e-o-novo-secretario-nacional-de-portos-e-transportes-aquaviarios-do-minfra","status":"publish","type":"post","link":"https:\/\/www.sincomam.org.br\/index.php\/mario-povia-e-o-novo-secretario-nacional-de-portos-e-transportes-aquaviarios-do-minfra\/","title":{"rendered":"M\u00c1RIO POVIA \u00c9 O NOVO SECRET\u00c1RIO NACIONAL DE PORTOS E TRANSPORTES AQUAVI\u00c1RIOS DO MINFRA"},"content":{"rendered":"<p>A Secretaria Nacional de Portos do Minist\u00e9rio da Infraestrutura tem novo comando a partir desta ter\u00e7a-feira (24). Trata-se do ex-diretor de gest\u00e3o portu\u00e1ria da Companhia Docas do Rio de Janeiro (CDRJ) M\u00e1rio Povia, que assume a vaga deixada por Diogo Piloni.\u00a0A portaria que confirmou a altera\u00e7\u00e3o foi publicada no Di\u00e1rio Oficial da Uni\u00e3o (DOU).<\/p>\n<p>Paulista de Osasco, M\u00e1rio Povia \u00e9 graduado em tecnologia operacional el\u00e9trica pela Universidade Mackenzie e bacharel em direito pela Universidade Paulista. \u00c9 p\u00f3s-graduado em administra\u00e7\u00e3o de empresas e direito processual e do trabalho tamb\u00e9m pela Universidade Mackenzie, e em regula\u00e7\u00e3o de servi\u00e7os p\u00fablicos pela Funda\u00e7\u00e3o Get\u00falio Vargas (FGV).<\/p>\n<p>ervidor efetivo da Ag\u00eancia Nacional de Transportes Aquavi\u00e1rios (Antaq) na fun\u00e7\u00e3o de especialista em Regula\u00e7\u00e3o de Servi\u00e7os de Transportes Aquavi\u00e1rios, Povia atuou como assessor da Superintend\u00eancia de Portos, assessor t\u00e9cnico da diretoria, superintendente de Portos, diretor e diretor-geral da ag\u00eancia. Atuou, ainda, como presidente do Conselho de Autoridade Portu\u00e1ria (CAP) do Porto de S\u00e3o Sebasti\u00e3o. Em 2020, assumiu o cargo na Companhia Docas do Rio de Janeiro.<\/p>\n<p>Fonte: Informativo dos Portos<\/p>\n","protected":false},"excerpt":{"rendered":"<p>A Secretaria Nacional de Portos do Minist\u00e9rio da Infraestrutura tem novo comando a partir desta ter\u00e7a-feira (24). Trata-se do ex-diretor de gest\u00e3o portu\u00e1ria da Companhia&#8230;<\/p>\n","protected":false},"author":1527,"featured_media":39364,"comment_status":"closed","ping_status":"closed","sticky":false,"template":"","format":"standard","meta":{"footnotes":""},"categories":[6],"tags":[],"class_list":["post-39363","post","type-post","status-publish","format-standard","has-post-thumbnail","hentry","category-noticias"],"_links":{"self":[{"href":"https:\/\/www.sincomam.org.br\/index.php\/wp-json\/wp\/v2\/posts\/39363","targetHints":{"allow":["GET"]}}],"collection":[{"href":"https:\/\/www.sincomam.org.br\/index.php\/wp-json\/wp\/v2\/posts"}],"about":[{"href":"https:\/\/www.sincomam.org.br\/index.php\/wp-json\/wp\/v2\/types\/post"}],"author":[{"embeddable":true,"href":"https:\/\/www.sincomam.org.br\/index.php\/wp-json\/wp\/v2\/users\/1527"}],"replies":[{"embeddable":true,"href":"https:\/\/www.sincomam.org.br\/index.php\/wp-json\/wp\/v2\/comments?post=39363"}],"version-history":[{"count":1,"href":"https:\/\/www.sincomam.org.br\/index.php\/wp-json\/wp\/v2\/posts\/39363\/revisions"}],"predecessor-version":[{"id":39365,"href":"https:\/\/www.sincomam.org.br\/index.php\/wp-json\/wp\/v2\/posts\/39363\/revisions\/39365"}],"wp:featuredmedia":[{"embeddable":true,"href":"https:\/\/www.sincomam.org.br\/index.php\/wp-json\/wp\/v2\/media\/39364"}],"wp:attachment":[{"href":"https:\/\/www.sincomam.org.br\/index.php\/wp-json\/wp\/v2\/media?parent=39363"}],"wp:term":[{"taxonomy":"category","embeddable":true,"href":"https:\/\/www.sincomam.org.br\/index.php\/wp-json\/wp\/v2\/categories?post=39363"},{"taxonomy":"post_tag","embeddable":true,"href":"https:\/\/www.sincomam.org.br\/index.php\/wp-json\/wp\/v2\/tags?post=39363"}],"curies":[{"name":"wp","href":"https:\/\/api.w.org\/{rel}","templated":true}]}}