{"id":39359,"date":"2022-05-25T10:31:30","date_gmt":"2022-05-25T13:31:30","guid":{"rendered":"http:\/\/www.sincomam.org.br\/?p=39359"},"modified":"2022-05-25T10:31:30","modified_gmt":"2022-05-25T13:31:30","slug":"variola-dos-macacos-anvisa-esclarece-que-nao-recomendou-isolamento","status":"publish","type":"post","link":"https:\/\/www.sincomam.org.br\/index.php\/variola-dos-macacos-anvisa-esclarece-que-nao-recomendou-isolamento\/","title":{"rendered":"Var\u00edola dos macacos: Anvisa esclarece que n\u00e3o recomendou isolamento"},"content":{"rendered":"<p>A Ag\u00eancia Nacional de Vigil\u00e2ncia Sanit\u00e1ria (Anvisa) divulgou uma nota nesta ter\u00e7a-feira (24) esclarecendo as recomenda\u00e7\u00f5es feitas pela ag\u00eancia para retardar a entrada do v\u00edrus da var\u00edola dos macacos no Brasil. Segundo a Anvisa, foi\u00a0apenas refor\u00e7ada a ado\u00e7\u00e3o das medidas que j\u00e1 est\u00e3o em vig\u00eancia em aeroportos e em aeronaves e que s\u00e3o destinadas a proteger \u201co indiv\u00edduo e a coletividade n\u00e3o apenas contra a covid-19, mas tamb\u00e9m contra outras doen\u00e7as.\u201d<img decoding=\"async\" src=\"https:\/\/agenciabrasil.ebc.com.br\/ebc.png?id=1461702&amp;o=node\" \/><img decoding=\"async\" src=\"https:\/\/agenciabrasil.ebc.com.br\/ebc.gif?id=1461702&amp;o=node\" \/><\/p>\n<p>Na nota, a Anvisa esclarece que n\u00e3o recomendou o \u201cisolamento\u201d como uma medida para o enfrentamento \u00e0 var\u00edola dos macacos.<\/p>\n<p>\u201cDe acordo com a Organiza\u00e7\u00e3o Mundial da Sa\u00fade (OMS), a var\u00edola do macaco pode ser transmitida aos seres humanos atrav\u00e9s do contato pr\u00f3ximo com uma pessoa ou animal infectado, ou com material contaminado com o v\u00edrus. O v\u00edrus pode ser transmitido de uma pessoa para outra por contato pr\u00f3ximo com les\u00f5es, fluidos corporais, got\u00edculas respirat\u00f3rias e materiais contaminados, como roupas de cama\u201d, diz a nota.<\/p>\n<p>A Anvisa informou que atua consoante com as a\u00e7\u00f5es das ag\u00eancias internacionais e de organismos mundias de sa\u00fade e que permanece monitorando a evolu\u00e7\u00e3o dos casos da var\u00edola dos macacos, mantendo um contato constante com o Minist\u00e9rio da Sa\u00fade. \u201cT\u00e3o logo se justifique, ser\u00e3o propostas as medidas sanit\u00e1rias, quando cab\u00edveis, em aditamento \u00e0s regras existentes e vigentes no Brasil.\u201d<\/p>\n<h2>A doen\u00e7a<\/h2>\n<p>A var\u00edola de macaco \u00e9 uma doen\u00e7a pouco conhecida porque a incid\u00eancia \u00e9 maior na \u00c1frica. At\u00e9 o momento, segundo a Organiza\u00e7\u00e3o Mundial da Sa\u00fade (OMS) h\u00e1\u00a0131 casos confirmados de var\u00edola dos macacos, registrados fora do continente africano e 106 outros casos suspeitos, desde que o primeiro caso foi relatado em 7 de maio.<\/p>\n<p>Diante do quadro, o Minist\u00e9rio da Sa\u00fade criou uma\u00a0sala de situa\u00e7\u00e3o para monitorar\u00a0o cen\u00e1rio da var\u00edola dos macacos no Brasil. A medida, anunciada pela pasta na noite desta segunda-feira (23), tem como objetivo elaborar um plano de a\u00e7\u00e3o para o rastreamento de casos suspeitos e na defini\u00e7\u00e3o do diagn\u00f3stico cl\u00ednico e laboratorial para a doen\u00e7a.<\/p>\n<p>&#8220;At\u00e9 o momento, n\u00e3o h\u00e1 notifica\u00e7\u00e3o de casos suspeitos da doen\u00e7a no pa\u00eds&#8221;, informou o Minist\u00e9rio da Sa\u00fade, em nota. A pasta afirma que encaminhou aos estados um comunicado de risco sobre a patologia, com orienta\u00e7\u00f5es aos profissionais de sa\u00fade e informa\u00e7\u00f5es dispon\u00edveis at\u00e9 o momento sobre a doen\u00e7a.<\/p>\n<p>Fonte: Ag\u00eancia Brasil<\/p>\n","protected":false},"excerpt":{"rendered":"<p>A Ag\u00eancia Nacional de Vigil\u00e2ncia Sanit\u00e1ria (Anvisa) divulgou uma nota nesta ter\u00e7a-feira (24) esclarecendo as recomenda\u00e7\u00f5es feitas pela ag\u00eancia para retardar a entrada do v\u00edrus&#8230;<\/p>\n","protected":false},"author":1527,"featured_media":39360,"comment_status":"closed","ping_status":"closed","sticky":false,"template":"","format":"standard","meta":{"footnotes":""},"categories":[6],"tags":[],"class_list":["post-39359","post","type-post","status-publish","format-standard","has-post-thumbnail","hentry","category-noticias"],"_links":{"self":[{"href":"https:\/\/www.sincomam.org.br\/index.php\/wp-json\/wp\/v2\/posts\/39359","targetHints":{"allow":["GET"]}}],"collection":[{"href":"https:\/\/www.sincomam.org.br\/index.php\/wp-json\/wp\/v2\/posts"}],"about":[{"href":"https:\/\/www.sincomam.org.br\/index.php\/wp-json\/wp\/v2\/types\/post"}],"author":[{"embeddable":true,"href":"https:\/\/www.sincomam.org.br\/index.php\/wp-json\/wp\/v2\/users\/1527"}],"replies":[{"embeddable":true,"href":"https:\/\/www.sincomam.org.br\/index.php\/wp-json\/wp\/v2\/comments?post=39359"}],"version-history":[{"count":2,"href":"https:\/\/www.sincomam.org.br\/index.php\/wp-json\/wp\/v2\/posts\/39359\/revisions"}],"predecessor-version":[{"id":39362,"href":"https:\/\/www.sincomam.org.br\/index.php\/wp-json\/wp\/v2\/posts\/39359\/revisions\/39362"}],"wp:featuredmedia":[{"embeddable":true,"href":"https:\/\/www.sincomam.org.br\/index.php\/wp-json\/wp\/v2\/media\/39360"}],"wp:attachment":[{"href":"https:\/\/www.sincomam.org.br\/index.php\/wp-json\/wp\/v2\/media?parent=39359"}],"wp:term":[{"taxonomy":"category","embeddable":true,"href":"https:\/\/www.sincomam.org.br\/index.php\/wp-json\/wp\/v2\/categories?post=39359"},{"taxonomy":"post_tag","embeddable":true,"href":"https:\/\/www.sincomam.org.br\/index.php\/wp-json\/wp\/v2\/tags?post=39359"}],"curies":[{"name":"wp","href":"https:\/\/api.w.org\/{rel}","templated":true}]}}