{"id":39353,"date":"2022-05-25T10:15:12","date_gmt":"2022-05-25T13:15:12","guid":{"rendered":"http:\/\/www.sincomam.org.br\/?p=39353"},"modified":"2022-05-25T10:15:12","modified_gmt":"2022-05-25T13:15:12","slug":"nova-troca-de-presidente-na-petrobras-traz-risco-de-desabastecimento-de-diesel-avalia-consultor","status":"publish","type":"post","link":"https:\/\/www.sincomam.org.br\/index.php\/nova-troca-de-presidente-na-petrobras-traz-risco-de-desabastecimento-de-diesel-avalia-consultor\/","title":{"rendered":"\u2018Nova troca de presidente na Petrobras traz risco de desabastecimento de diesel\u2019, avalia consultor"},"content":{"rendered":"<p>A nova troca de comando na Petrobras, anunciada segunda-feira (23), explicita o desejo do governo federal de usar a empresa para conter a alta dos pre\u00e7os da gasolina e do diesel. A avalia\u00e7\u00e3o \u00e9 do s\u00f3cio-diretor da Leggio Consultoria, Marcus D\u00b4Elia, que observa tend\u00eancia de flutua\u00e7\u00e3o do pre\u00e7o do petr\u00f3leo em torno dos US$ 100 por barril, nos pr\u00f3ximos meses. Ele identifica um crescimento do pre\u00e7o do diesel e da gasolina em rela\u00e7\u00e3o ao pre\u00e7o do petr\u00f3leo, o que pode significar novos aumentos nestes produtos. O consultor acrescentou que n\u00e3o h\u00e1 tend\u00eancia de valoriza\u00e7\u00e3o do real frente ao d\u00f3lar.<\/p>\n<p>\u201cNestas condi\u00e7\u00f5es, se houver um intervalo longo, de 100 dias ou mais, para reajuste de pre\u00e7os pela Petrobras, haver\u00e1 aumento da defasagem entre o pre\u00e7o da Petrobras e o PPI (Pre\u00e7o de Paridade de Importa\u00e7\u00e3o)\u201d, analisou D\u2019Elia. Ele avalia que a manuten\u00e7\u00e3o da diferen\u00e7a de pre\u00e7os aumenta a possibilidade de desabastecimento de diesel no Brasil, causado pela combina\u00e7\u00e3o de quatro fatores principais: demanda est\u00e1vel no pa\u00eds, consumo dos estoques operacionais, limita\u00e7\u00e3o na capacidade de refino e redu\u00e7\u00e3o da importa\u00e7\u00e3o.<\/p>\n<p>Na noite da \u00faltima segunda-feira (23), a Petrobras informou que recebeu of\u00edcio do Minist\u00e9rio das Minas e Energia, solicitando a convoca\u00e7\u00e3o de uma assembleia extraordin\u00e1ria para destitui\u00e7\u00e3o e elei\u00e7\u00e3o de membro do conselho de administra\u00e7\u00e3o, indicando Caio Mario Paes de Andrade, para o lugar de Jos\u00e9 Mauro Ferreira Coelho na presid\u00eancia da empresa. Em nota, o MME associou a mudan\u00e7a de presidente da companhia \u00e0 necessidade de manter as condi\u00e7\u00f5es necess\u00e1rias para o crescimento do emprego e renda dos brasileiros.<\/p>\n<p>Uma das principais cr\u00edticas \u00e9 sobre a pol\u00edtica de pre\u00e7os da empresa que, por atuar em um mercado de commodities, utiliza o crit\u00e9rio de paridade de pre\u00e7os com o mercado internacional. Coelho foi eleito em assembleia no \u00faltimo dia 13 de abril e ficou cerca de 40 dias no cargo, pressionado pelo governo em rela\u00e7\u00e3o \u00e0 pol\u00edtica de pre\u00e7os de combust\u00edveis, principalmente ap\u00f3s a sa\u00edda de Bento Albuquerque do comando da pasta de Minas e Energia. Albuquerque havia indicado Coelho para o cargo. Caso aprovada pela assembleia geral, prevista para esta quarta-feira (25), a troca tamb\u00e9m implicar\u00e1 na destitui\u00e7\u00e3o dos demais membros do conselho eleitos em abril.<\/p>\n<p><strong>Curr\u00edculo<\/strong><br \/>\nCaio Mario Paes de Andrade (foto) \u00e9 atualmente secret\u00e1rio especial de desburocratiza\u00e7\u00e3o, gest\u00e3o e governo digital do Minist\u00e9rio da Economia. Andrade tem forma\u00e7\u00e3o em Comunica\u00e7\u00e3o Social pela Universidade Paulista, p\u00f3s-gradua\u00e7\u00e3o em Administra\u00e7\u00e3o e Gest\u00e3o pela Harvard University e Mestre em Administra\u00e7\u00e3o de Empresas pela Duke University. No ano 2000, fundou a WebForce Ventures, respons\u00e1vel pelo desenvolvimento de mais de 30 startups. Em 2019, Andrade passou da iniciativa privada para a \u00e1rea p\u00fablica. Foi ainda presidente do SERPRO at\u00e9 agosto de 2020, quando passou a fazer parte do Minist\u00e9rio da Economia.<\/p>\n<p>Fonte: Portos e Navios<\/p>\n","protected":false},"excerpt":{"rendered":"<p>A nova troca de comando na Petrobras, anunciada segunda-feira (23), explicita o desejo do governo federal de usar a empresa para conter a alta dos&#8230;<\/p>\n","protected":false},"author":1527,"featured_media":39354,"comment_status":"closed","ping_status":"closed","sticky":false,"template":"","format":"standard","meta":{"footnotes":""},"categories":[6],"tags":[],"class_list":["post-39353","post","type-post","status-publish","format-standard","has-post-thumbnail","hentry","category-noticias"],"_links":{"self":[{"href":"https:\/\/www.sincomam.org.br\/index.php\/wp-json\/wp\/v2\/posts\/39353","targetHints":{"allow":["GET"]}}],"collection":[{"href":"https:\/\/www.sincomam.org.br\/index.php\/wp-json\/wp\/v2\/posts"}],"about":[{"href":"https:\/\/www.sincomam.org.br\/index.php\/wp-json\/wp\/v2\/types\/post"}],"author":[{"embeddable":true,"href":"https:\/\/www.sincomam.org.br\/index.php\/wp-json\/wp\/v2\/users\/1527"}],"replies":[{"embeddable":true,"href":"https:\/\/www.sincomam.org.br\/index.php\/wp-json\/wp\/v2\/comments?post=39353"}],"version-history":[{"count":1,"href":"https:\/\/www.sincomam.org.br\/index.php\/wp-json\/wp\/v2\/posts\/39353\/revisions"}],"predecessor-version":[{"id":39355,"href":"https:\/\/www.sincomam.org.br\/index.php\/wp-json\/wp\/v2\/posts\/39353\/revisions\/39355"}],"wp:featuredmedia":[{"embeddable":true,"href":"https:\/\/www.sincomam.org.br\/index.php\/wp-json\/wp\/v2\/media\/39354"}],"wp:attachment":[{"href":"https:\/\/www.sincomam.org.br\/index.php\/wp-json\/wp\/v2\/media?parent=39353"}],"wp:term":[{"taxonomy":"category","embeddable":true,"href":"https:\/\/www.sincomam.org.br\/index.php\/wp-json\/wp\/v2\/categories?post=39353"},{"taxonomy":"post_tag","embeddable":true,"href":"https:\/\/www.sincomam.org.br\/index.php\/wp-json\/wp\/v2\/tags?post=39353"}],"curies":[{"name":"wp","href":"https:\/\/api.w.org\/{rel}","templated":true}]}}