{"id":39345,"date":"2022-05-24T08:24:39","date_gmt":"2022-05-24T11:24:39","guid":{"rendered":"http:\/\/www.sincomam.org.br\/?p=39345"},"modified":"2022-05-24T08:24:39","modified_gmt":"2022-05-24T11:24:39","slug":"pecem-adere-a-compromisso-do-porto-de-roterda-para-entrega-de-hidrogenio-verde","status":"publish","type":"post","link":"https:\/\/www.sincomam.org.br\/index.php\/pecem-adere-a-compromisso-do-porto-de-roterda-para-entrega-de-hidrogenio-verde\/","title":{"rendered":"PEC\u00c9M ADERE A COMPROMISSO DO PORTO DE ROTERD\u00c3 PARA ENTREGA DE HIDROG\u00caNIO VERDE"},"content":{"rendered":"<p class=\"ql-align-justify\">Representantes do Complexo do Pec\u00e9m assinaram, na \u00faltima semana, uma carta que foi enviada \u00e0 Comiss\u00e3o Europeia, em que o Porto de Roterd\u00e3 firmou o compromisso de entregar 4,6 milh\u00f5es de toneladas de hidrog\u00eanio verde (H2V) at\u00e9 2030, a fim de contribuir com o abastecimento energ\u00e9tico por meio de fonte limpa em pa\u00edses do velho continente. O documento foi assinado durante a World Hydrogen 2022, em Roterd\u00e3, e tem a ades\u00e3o de 70 empresas do setor e pa\u00edses exportadores. O complexo portu\u00e1rio e industrial brasileiro tem planos de iniciar a produ\u00e7\u00e3o do hidrog\u00eanio verde em 2025, atingindo um volume de 1,3 milh\u00e3o de toneladas de H2V em 2030.<\/p>\n<p class=\"ql-align-justify\">A administra\u00e7\u00e3o destacou que, at\u00e9 o momento, Pec\u00e9m foi o \u00fanico porto do Brasil a assinar o documento com outras empresas do mundo inteiro para a comunidade europeia. A gest\u00e3o do complexo considera que Pec\u00e9m tem liderado esse debate no setor portu\u00e1rio brasileiro, por meio de acordos e negocia\u00e7\u00f5es do H2V, com foco na instala\u00e7\u00e3o de um hub em suas instala\u00e7\u00f5es. O complexo mant\u00e9m tratativas com grandes players globais do mercado de energia, como AES, Casa dos Ventos, EDP, Engie, Fortescue, Qair, Total Eren e Transhydrogen Alliance.<\/p>\n<p class=\"ql-align-justify\">\u201cA ideia \u00e9 construir uma vis\u00e3o de cadeia de valor, que consiste em fazer a produ\u00e7\u00e3o do hidrog\u00eanio verde e convert\u00ea-lo em am\u00f4nia verde dentro da zona de processamento de exporta\u00e7\u00e3o (ZPE) de Pec\u00e9m\u201d, contou \u00e0\u00a0Portos e Navios\u00a0o presidente do Complexo do Pec\u00e9m, Danilo Serpa. Ele adiantou que o fluxo inicial ter\u00e1 como foco a exporta\u00e7\u00e3o, por\u00e9m existe um potencial de fluxo local no futuro.<\/p>\n<p class=\"ql-align-justify\">Serpa disse que a participa\u00e7\u00e3o de Pec\u00e9m no evento \u2018World Hydrogen 2022\u2019, um dos maiores eventos de hidrog\u00eanio verde do mundo, foi uma oportunidade para compreender melhor e dialogar com os principais atores da cadeia total do hidrog\u00eanio. \u201cTrocamos conhecimento com as diversas tecnologias de eletrolisadores podendo at\u00e9 visitar empresas que fabricam esses equipamentos, conhecendo as tecnologias alcalina e PEM (membrana de troca de pr\u00f3tons)\u201d, detalhou.<\/p>\n<p class=\"ql-align-justify\">O presidente do complexo acrescentou que houve conversas com parceiros que fazem a produ\u00e7\u00e3o de combust\u00edveis sint\u00e9ticos, a partir do hidrog\u00eanio verde. \u201cNosso pensamento \u00e9 considerar novos mercados para atra\u00e7\u00e3o de investimentos para Pec\u00e9m nessa cadeia log\u00edstica. Al\u00e9m do H2V e da am\u00f4nia verde, tamb\u00e9m temos a possibilidade de produ\u00e7\u00e3o de combust\u00edveis sint\u00e9ticos aqui\u201d, afirmou.<\/p>\n<p class=\"ql-align-justify\">Os participantes tamb\u00e9m discutiram quest\u00f5es de infraestrutura, transporte e log\u00edstica relacionados ao hidrog\u00eanio verde, como o \u2018corredor Delta\u2019, partindo do Porto de Roterd\u00e3 para a Alemanha, e abordaram temas como o \u2018amonioduto\u2019 que ser\u00e1 desenvolvido para conectar a ZPE Cear\u00e1 ao terminal de tancagem do Porto do Pec\u00e9m. Serpa observa um grande potencial no Complexo do Pec\u00e9m para o desenvolvimento da cadeia de produ\u00e7\u00e3o, distribui\u00e7\u00e3o, armazenagem e transporte do hidrog\u00eanio verde. Ele considera que a ZPE \u00e9 um instrumento para neg\u00f3cios voltados \u00e0 exporta\u00e7\u00e3o, tendo em vista os incentivos fiscais, cambiais e administrativos oferecidos nessa zona.<\/p>\n<p class=\"ql-align-justify\">Serpa elencou como diferenciais de Pec\u00e9m fatores como a infraestrutura portu\u00e1ria com capacidade e calado operacionais adequados \u00e0s opera\u00e7\u00f5es de H2V, a rede el\u00e9trica robusta com linhas de transmiss\u00e3o compat\u00edveis com as demandas das usinas de eletr\u00f3lise, al\u00e9m de uma rede de distribui\u00e7\u00e3o de g\u00e1s que conecta o complexo, desde o terminal portu\u00e1rio (p\u00eder 2) at\u00e9 as \u00e1reas industriais. Essa rede, segundo Serpa, poder\u00e1 ser utilizada para o transporte de H2V entre as \u00e1reas de produ\u00e7\u00e3o e consumo industrial. O Complexo do Pec\u00e9m \u00e9 uma joint venture formada pelo governo do Cear\u00e1 e pelo Porto de Roterd\u00e3.<\/p>\n<p class=\"ql-align-justify\"><strong>Fonte: Portos e Navios<\/strong><\/p>\n","protected":false},"excerpt":{"rendered":"<p>Representantes do Complexo do Pec\u00e9m assinaram, na \u00faltima semana, uma carta que foi enviada \u00e0 Comiss\u00e3o Europeia, em que o Porto de Roterd\u00e3 firmou o&#8230;<\/p>\n","protected":false},"author":1527,"featured_media":37434,"comment_status":"closed","ping_status":"closed","sticky":false,"template":"","format":"standard","meta":{"footnotes":""},"categories":[6],"tags":[],"class_list":["post-39345","post","type-post","status-publish","format-standard","has-post-thumbnail","hentry","category-noticias"],"_links":{"self":[{"href":"https:\/\/www.sincomam.org.br\/index.php\/wp-json\/wp\/v2\/posts\/39345","targetHints":{"allow":["GET"]}}],"collection":[{"href":"https:\/\/www.sincomam.org.br\/index.php\/wp-json\/wp\/v2\/posts"}],"about":[{"href":"https:\/\/www.sincomam.org.br\/index.php\/wp-json\/wp\/v2\/types\/post"}],"author":[{"embeddable":true,"href":"https:\/\/www.sincomam.org.br\/index.php\/wp-json\/wp\/v2\/users\/1527"}],"replies":[{"embeddable":true,"href":"https:\/\/www.sincomam.org.br\/index.php\/wp-json\/wp\/v2\/comments?post=39345"}],"version-history":[{"count":1,"href":"https:\/\/www.sincomam.org.br\/index.php\/wp-json\/wp\/v2\/posts\/39345\/revisions"}],"predecessor-version":[{"id":39346,"href":"https:\/\/www.sincomam.org.br\/index.php\/wp-json\/wp\/v2\/posts\/39345\/revisions\/39346"}],"wp:featuredmedia":[{"embeddable":true,"href":"https:\/\/www.sincomam.org.br\/index.php\/wp-json\/wp\/v2\/media\/37434"}],"wp:attachment":[{"href":"https:\/\/www.sincomam.org.br\/index.php\/wp-json\/wp\/v2\/media?parent=39345"}],"wp:term":[{"taxonomy":"category","embeddable":true,"href":"https:\/\/www.sincomam.org.br\/index.php\/wp-json\/wp\/v2\/categories?post=39345"},{"taxonomy":"post_tag","embeddable":true,"href":"https:\/\/www.sincomam.org.br\/index.php\/wp-json\/wp\/v2\/tags?post=39345"}],"curies":[{"name":"wp","href":"https:\/\/api.w.org\/{rel}","templated":true}]}}