{"id":39336,"date":"2022-05-24T07:46:20","date_gmt":"2022-05-24T10:46:20","guid":{"rendered":"http:\/\/www.sincomam.org.br\/?p=39336"},"modified":"2022-05-24T07:46:20","modified_gmt":"2022-05-24T10:46:20","slug":"apos-52-dias-em-greve-medicos-peritos-do-inss-voltam-a-trabalhar","status":"publish","type":"post","link":"https:\/\/www.sincomam.org.br\/index.php\/apos-52-dias-em-greve-medicos-peritos-do-inss-voltam-a-trabalhar\/","title":{"rendered":"Ap\u00f3s 52 dias em greve, m\u00e9dicos peritos do INSS voltam a trabalhar"},"content":{"rendered":"<p>O an\u00fancio do fim da greve foi feito ap\u00f3s reuni\u00e3o entre o ministro do Trabalho e Previd\u00eancia, Jos\u00e9 Carlos Oliveira, e a Associa\u00e7\u00e3o Nacional dos Peritos M\u00e9dicos Federais. A categoria comemorou o acordo que resultou no atendimento de 18 itens da pauta de reivindica\u00e7\u00f5es.\u00a0Em transmiss\u00e3o pela internet, o vice-presidente da associa\u00e7\u00e3o, Francisco Eduardo Cardoso Alves, explicou o que ficou acertado em rela\u00e7\u00e3o ao reajuste salarial:<\/p>\n<p>&#8220;A quest\u00e3o do aumento tem uma condicionante: se o governo for dar aumento linear para todas as carreiras do servi\u00e7o p\u00fablico federal, sem nenhuma exce\u00e7\u00e3o, a gente, obviamente, vai entrar nesse aumento linear. Por\u00e9m, se o governo quiser privilegiar uma ou outra carreira, que seja, automaticamente n\u00f3s vamos entrar nos 19,9% [de reajuste]&#8221;.<\/p>\n<h2>Atendimento<\/h2>\n<p>Para reduzir a fila de exames periciais agendados, foi definida a realiza\u00e7\u00e3o de at\u00e9 12 atendimentos di\u00e1rios por profissional. No entanto, de acordo com lei de 2019, os m\u00e9dicos que ultrapassarem essa quantidade, v\u00e3o receber R$ 61,72 por per\u00edcia extraordin\u00e1ria.\u00a0Os servidores ter\u00e3o 8 meses para compensar os dias n\u00e3o trabalhados de modo presencial ou remoto.<\/p>\n<p>Fonte: Ag\u00eancia Brasil<\/p>\n","protected":false},"excerpt":{"rendered":"<p>O an\u00fancio do fim da greve foi feito ap\u00f3s reuni\u00e3o entre o ministro do Trabalho e Previd\u00eancia, Jos\u00e9 Carlos Oliveira, e a Associa\u00e7\u00e3o Nacional dos&#8230;<\/p>\n","protected":false},"author":1527,"featured_media":39337,"comment_status":"closed","ping_status":"closed","sticky":false,"template":"","format":"standard","meta":{"footnotes":""},"categories":[6],"tags":[],"class_list":["post-39336","post","type-post","status-publish","format-standard","has-post-thumbnail","hentry","category-noticias"],"_links":{"self":[{"href":"https:\/\/www.sincomam.org.br\/index.php\/wp-json\/wp\/v2\/posts\/39336","targetHints":{"allow":["GET"]}}],"collection":[{"href":"https:\/\/www.sincomam.org.br\/index.php\/wp-json\/wp\/v2\/posts"}],"about":[{"href":"https:\/\/www.sincomam.org.br\/index.php\/wp-json\/wp\/v2\/types\/post"}],"author":[{"embeddable":true,"href":"https:\/\/www.sincomam.org.br\/index.php\/wp-json\/wp\/v2\/users\/1527"}],"replies":[{"embeddable":true,"href":"https:\/\/www.sincomam.org.br\/index.php\/wp-json\/wp\/v2\/comments?post=39336"}],"version-history":[{"count":1,"href":"https:\/\/www.sincomam.org.br\/index.php\/wp-json\/wp\/v2\/posts\/39336\/revisions"}],"predecessor-version":[{"id":39338,"href":"https:\/\/www.sincomam.org.br\/index.php\/wp-json\/wp\/v2\/posts\/39336\/revisions\/39338"}],"wp:featuredmedia":[{"embeddable":true,"href":"https:\/\/www.sincomam.org.br\/index.php\/wp-json\/wp\/v2\/media\/39337"}],"wp:attachment":[{"href":"https:\/\/www.sincomam.org.br\/index.php\/wp-json\/wp\/v2\/media?parent=39336"}],"wp:term":[{"taxonomy":"category","embeddable":true,"href":"https:\/\/www.sincomam.org.br\/index.php\/wp-json\/wp\/v2\/categories?post=39336"},{"taxonomy":"post_tag","embeddable":true,"href":"https:\/\/www.sincomam.org.br\/index.php\/wp-json\/wp\/v2\/tags?post=39336"}],"curies":[{"name":"wp","href":"https:\/\/api.w.org\/{rel}","templated":true}]}}