{"id":39327,"date":"2022-05-23T11:50:50","date_gmt":"2022-05-23T14:50:50","guid":{"rendered":"http:\/\/www.sincomam.org.br\/?p=39327"},"modified":"2022-05-23T11:50:50","modified_gmt":"2022-05-23T14:50:50","slug":"marinha-determina-fechamento-de-canal-de-acesso-nos-portos-de-sao-francisco-do-sul-e-itapoa-e-navios-paralisam-transporte-de-cargas-nos-complexos","status":"publish","type":"post","link":"https:\/\/www.sincomam.org.br\/index.php\/marinha-determina-fechamento-de-canal-de-acesso-nos-portos-de-sao-francisco-do-sul-e-itapoa-e-navios-paralisam-transporte-de-cargas-nos-complexos\/","title":{"rendered":"Marinha determina fechamento de canal de acesso nos portos de S\u00e3o Francisco do Sul e Itapo\u00e1 e navios paralisam transporte de cargas nos complexos"},"content":{"rendered":"<p>A Marinha brasileira determinou recentemente, o fechamento do canal de acesso aos portos de Itaja\u00ed e Navegantes e durante esta \u00faltima quarta-feira, (18\/05), outros dois portos de Santa Catarina passaram pelo mesmo processo, o de S\u00e3o Francisco do Sul e o Itapo\u00e1. Agora, os navios que iriam realizar o transporte de cargas nos terminais se encontram\u00a0paralisados\u00a0e aguardando novas recomenda\u00e7\u00f5es do \u00f3rg\u00e3o.<\/p>\n<p>Localizados no litoral norte do estado de Santa Catarina, os portos de S\u00e3o Francisco do Sul e Itapo\u00e1 agora est\u00e3o com suas opera\u00e7\u00f5es de transporte de cargas paralisadas por tempo indeterminado. Isso acontece pois a Marinha determinou que o canal de acesso aos complexos fosse fechado em raz\u00e3o dos ventos de 80 km por hora e ondas de at\u00e9 2,5 metros, que est\u00e3o dificultando manobras na estrada e sa\u00edda na Barra do Canal de acesso ao porto.<\/p>\n<p>Dessa forma, nenhum dos navios que aguardavam as opera\u00e7\u00f5es de transporte de cargas est\u00e1 saindo ou entrando nos portos atualmente. Assim, eles aguardam a libera\u00e7\u00e3o da Marinha ap\u00f3s a verifica\u00e7\u00e3o da normaliza\u00e7\u00e3o dos ventos e da seguran\u00e7a para a retomada das atividades no canal de acesso. A determina\u00e7\u00e3o do \u00f3rg\u00e3o segue todos os crit\u00e9rios de seguran\u00e7a necess\u00e1rios para que n\u00e3o haja nenhum acidente ao longo da travessia dos navios pelo canal de acesso.<\/p>\n<p>No entanto, embora a entrada e a sa\u00edda de navios nos complexos esteja paralisada por tempo indeterminado, as opera\u00e7\u00f5es internas nos portos de S\u00e3o Francisco do Sul e Itapo\u00e1 continuam como o de costume. Al\u00e9m disso, a administra\u00e7\u00e3o do Porto de Itapo\u00e1 afirmou na tarde desta quarta-feira que dois navios est\u00e3o atracados e em opera\u00e7\u00e3o de escoamento dos produtos no local. Assim, certas atividades como o carregamento das embarca\u00e7\u00f5es e a descarga dos produtos nos navios que j\u00e1 estavam nos portos puderam continuar como o previsto, seguindo as recomenda\u00e7\u00f5es da Marinha.<\/p>\n<p>A Capitania de Portos de Santa Catarina realizou a divulga\u00e7\u00e3o de um comunicado oficial para a paralisa\u00e7\u00e3o do canal de acesso, que afirmava: \u201cEm virtude das condi\u00e7\u00f5es meteorol\u00f3gicas desfavor\u00e1veis \u00e0 realiza\u00e7\u00e3o de manobras de entrada e sa\u00edda na Barra do Canal de Acesso ao Porto de S\u00e3o Francisco do Sul, a Capitania dos Portos da cidade determinou o fechamento do canal de acesso. A medida, assinada pelo capit\u00e3o de fragata Robson Mendes Alves e que impede a entrada e sa\u00edda de navios para os portos de S\u00e3o Francisco do Sul (incluindo Tesc) e Itapo\u00e1\u201d.<\/p>\n<p>Dessa forma, as recomenda\u00e7\u00f5es da Marinha foram seguidas, assim como ocorreu nos portos de Itaja\u00ed e Navegantes no in\u00edcio da semana. Ademais, os portos ter\u00e3o s\u00e9rios preju\u00edzos caso o canal de acesso n\u00e3o possa ser reaberto o quanto antes, uma vez que boa parte das opera\u00e7\u00f5es de transporte de cargas continua paralisada em decorr\u00eancia dos ventos fortes na regi\u00e3o.<\/p>\n<p>No entanto, a administra\u00e7\u00e3o do Porto de S\u00e3o Francisco do Sul e a do Porto Itapo\u00e1 destacaram que os impactos na lucratividade dos complexos ap\u00f3s o fechamento do canal de acesso ainda s\u00e3o incertos e que ambas aguardam a normaliza\u00e7\u00e3o das opera\u00e7\u00f5es ao longo da semana.<\/p>\n<div>Fonte: Click Petr\u00f3leo e G\u00e1s<\/div>\n","protected":false},"excerpt":{"rendered":"<p>A Marinha brasileira determinou recentemente, o fechamento do canal de acesso aos portos de Itaja\u00ed e Navegantes e durante esta \u00faltima quarta-feira, (18\/05), outros dois&#8230;<\/p>\n","protected":false},"author":1527,"featured_media":39328,"comment_status":"closed","ping_status":"closed","sticky":false,"template":"","format":"standard","meta":{"footnotes":""},"categories":[6],"tags":[],"class_list":["post-39327","post","type-post","status-publish","format-standard","has-post-thumbnail","hentry","category-noticias"],"_links":{"self":[{"href":"https:\/\/www.sincomam.org.br\/index.php\/wp-json\/wp\/v2\/posts\/39327","targetHints":{"allow":["GET"]}}],"collection":[{"href":"https:\/\/www.sincomam.org.br\/index.php\/wp-json\/wp\/v2\/posts"}],"about":[{"href":"https:\/\/www.sincomam.org.br\/index.php\/wp-json\/wp\/v2\/types\/post"}],"author":[{"embeddable":true,"href":"https:\/\/www.sincomam.org.br\/index.php\/wp-json\/wp\/v2\/users\/1527"}],"replies":[{"embeddable":true,"href":"https:\/\/www.sincomam.org.br\/index.php\/wp-json\/wp\/v2\/comments?post=39327"}],"version-history":[{"count":1,"href":"https:\/\/www.sincomam.org.br\/index.php\/wp-json\/wp\/v2\/posts\/39327\/revisions"}],"predecessor-version":[{"id":39329,"href":"https:\/\/www.sincomam.org.br\/index.php\/wp-json\/wp\/v2\/posts\/39327\/revisions\/39329"}],"wp:featuredmedia":[{"embeddable":true,"href":"https:\/\/www.sincomam.org.br\/index.php\/wp-json\/wp\/v2\/media\/39328"}],"wp:attachment":[{"href":"https:\/\/www.sincomam.org.br\/index.php\/wp-json\/wp\/v2\/media?parent=39327"}],"wp:term":[{"taxonomy":"category","embeddable":true,"href":"https:\/\/www.sincomam.org.br\/index.php\/wp-json\/wp\/v2\/categories?post=39327"},{"taxonomy":"post_tag","embeddable":true,"href":"https:\/\/www.sincomam.org.br\/index.php\/wp-json\/wp\/v2\/tags?post=39327"}],"curies":[{"name":"wp","href":"https:\/\/api.w.org\/{rel}","templated":true}]}}