{"id":39319,"date":"2022-05-23T11:33:58","date_gmt":"2022-05-23T14:33:58","guid":{"rendered":"http:\/\/www.sincomam.org.br\/?p=39319"},"modified":"2022-05-23T11:34:15","modified_gmt":"2022-05-23T14:34:15","slug":"porto-do-rio-de-janeiro-retoma-operacoes-em-navio-de-break-bulk-com-cafe","status":"publish","type":"post","link":"https:\/\/www.sincomam.org.br\/index.php\/porto-do-rio-de-janeiro-retoma-operacoes-em-navio-de-break-bulk-com-cafe\/","title":{"rendered":"Porto do Rio de Janeiro retoma opera\u00e7\u00f5es em navio de \u2018break bulk\u2019 com caf\u00e9"},"content":{"rendered":"<p>A opera\u00e7\u00e3o de um navio de \u2018break bulk\u2019 com caf\u00e9, que aconteceu no fim do m\u00eas de abril, marcou o retorno dessa modalidade no transporte de caf\u00e9 pelo Porto do Rio de Janeiro, administrado pela Companhia Docas do Rio de Janeiro (CDRJ). O embarque de 6,5 mil toneladas de caf\u00e9, acondicionadas em \u2018big bags\u2019, foi realizado com sucesso e a mercadoria teve como destino a Europa. A Unslog foi o operador log\u00edstico que negociou com o terminal de cont\u00eaineres ICTSI Rio para trazer esta opera\u00e7\u00e3o para o Rio de Janeiro.<\/p>\n<p>Nesta modalidade, diferentemente de cont\u00eaineres, \u00e9 poss\u00edvel armazenar a carga individualmente no por\u00e3o do navio. \u201cA carga conteinerizada \u00e9, atualmente, o padr\u00e3o log\u00edstico para o transporte de caf\u00e9, mas o \u2018break bulk\u2019 ajuda a superar a escassez de cont\u00eaineres e a consequente alta global no pre\u00e7o\u201d, explica o superintendente de Gest\u00e3o Portu\u00e1ria do Rio de Janeiro e Niter\u00f3i, Leandro Lima.<\/p>\n<p>O \u2018break bulk\u2019 estava em desuso pelo setor cafeeiro desde a d\u00e9cada de 80, mas com a problem\u00e1tica da escassez mundial de cont\u00eaineres, as empresas exportadoras de caf\u00e9 voltaram a adotar a modalidade como estrat\u00e9gia para auxiliar na estabiliza\u00e7\u00e3o do fluxo log\u00edstico internacional.<\/p>\n<p>Fonte: Portos e Navios<\/p>\n","protected":false},"excerpt":{"rendered":"<p>A opera\u00e7\u00e3o de um navio de \u2018break bulk\u2019 com caf\u00e9, que aconteceu no fim do m\u00eas de abril, marcou o retorno dessa modalidade no transporte&#8230;<\/p>\n","protected":false},"author":1527,"featured_media":37699,"comment_status":"closed","ping_status":"closed","sticky":false,"template":"","format":"standard","meta":{"footnotes":""},"categories":[6],"tags":[],"class_list":["post-39319","post","type-post","status-publish","format-standard","has-post-thumbnail","hentry","category-noticias"],"_links":{"self":[{"href":"https:\/\/www.sincomam.org.br\/index.php\/wp-json\/wp\/v2\/posts\/39319","targetHints":{"allow":["GET"]}}],"collection":[{"href":"https:\/\/www.sincomam.org.br\/index.php\/wp-json\/wp\/v2\/posts"}],"about":[{"href":"https:\/\/www.sincomam.org.br\/index.php\/wp-json\/wp\/v2\/types\/post"}],"author":[{"embeddable":true,"href":"https:\/\/www.sincomam.org.br\/index.php\/wp-json\/wp\/v2\/users\/1527"}],"replies":[{"embeddable":true,"href":"https:\/\/www.sincomam.org.br\/index.php\/wp-json\/wp\/v2\/comments?post=39319"}],"version-history":[{"count":1,"href":"https:\/\/www.sincomam.org.br\/index.php\/wp-json\/wp\/v2\/posts\/39319\/revisions"}],"predecessor-version":[{"id":39320,"href":"https:\/\/www.sincomam.org.br\/index.php\/wp-json\/wp\/v2\/posts\/39319\/revisions\/39320"}],"wp:featuredmedia":[{"embeddable":true,"href":"https:\/\/www.sincomam.org.br\/index.php\/wp-json\/wp\/v2\/media\/37699"}],"wp:attachment":[{"href":"https:\/\/www.sincomam.org.br\/index.php\/wp-json\/wp\/v2\/media?parent=39319"}],"wp:term":[{"taxonomy":"category","embeddable":true,"href":"https:\/\/www.sincomam.org.br\/index.php\/wp-json\/wp\/v2\/categories?post=39319"},{"taxonomy":"post_tag","embeddable":true,"href":"https:\/\/www.sincomam.org.br\/index.php\/wp-json\/wp\/v2\/tags?post=39319"}],"curies":[{"name":"wp","href":"https:\/\/api.w.org\/{rel}","templated":true}]}}