{"id":39304,"date":"2022-05-20T09:06:57","date_gmt":"2022-05-20T12:06:57","guid":{"rendered":"http:\/\/www.sincomam.org.br\/?p=39304"},"modified":"2022-05-20T09:06:57","modified_gmt":"2022-05-20T12:06:57","slug":"congresso-mostra-potencial-do-brasil-no-mercado-global-de-carbono","status":"publish","type":"post","link":"https:\/\/www.sincomam.org.br\/index.php\/congresso-mostra-potencial-do-brasil-no-mercado-global-de-carbono\/","title":{"rendered":"CONGRESSO MOSTRA POTENCIAL DO BRASIL NO MERCADO GLOBAL DE CARBONO"},"content":{"rendered":"<p>O ministro da Economia, Paulo Guedes, afirmou nesta quarta-feira (18\/5) que o Brasil ser\u00e1 o protagonista que vai puxar a agenda global da economia verde. A declara\u00e7\u00e3o foi feita na Plen\u00e1ria do Congresso sobre Mercado Global de Carbono \u2013 Descarboniza\u00e7\u00e3o &amp; Investimentos Verdes, promovido pelo Banco do Brasil e pela Petrobras, com o apoio do Minist\u00e9rio do Meio Ambiente e do Banco Central, no Rio de Janeiro.<\/p>\n<p>De acordo com Guedes, o Brasil \u00e9 uma pot\u00eancia verde que vai cumprir os acordos e ser\u00e1 protagonista na situa\u00e7\u00e3o clim\u00e1tica. \u201cO Brasil, a partir de agora, est\u00e1 levando solu\u00e7\u00f5es para o mundo\u201d, destacou, ao lado do ministro do Meio Ambiente, Joaquim Leite.<\/p>\n<p>Guedes e Leite listaram iniciativas como a digitaliza\u00e7\u00e3o de mais de 75% dos servi\u00e7os do governo federal, al\u00e9m da cria\u00e7\u00e3o da C\u00e9dula do Produtor Rural Verde (CPR Verde) e do Certificado de Cr\u00e9dito de Reciclagem (Recicla +). \u201cSe o futuro \u00e9 digital, n\u00f3s j\u00e1 estamos com um p\u00e9 l\u00e1. E se o futuro \u00e9 verde, n\u00f3s j\u00e1 estamos com o outro p\u00e9 l\u00e1. O Brasil j\u00e1 \u00e9 verde e digital\u201d, ressaltou o ministro da Economia.<\/p>\n<p>O Brasil est\u00e1 trabalhando focado em tr\u00eas pilares criados em conjunto com a Organiza\u00e7\u00e3o para a Coopera\u00e7\u00e3o e Desenvolvimento Econ\u00f4mico (OCDE) na \u00e1rea ambiental: tributar a polui\u00e7\u00e3o, premiar as inova\u00e7\u00f5es tecnol\u00f3gicas e remunerar a preserva\u00e7\u00e3o de recursos naturais. Segundo Guedes, estima-se que ser\u00e3o pagos, por ano, US$ 100 bilh\u00f5es pelos servi\u00e7os de preserva\u00e7\u00e3o ambiental em todo o mundo. O Brasil deve receber, pelo menos, entre 15% e 20% desses recursos. \u201cUma \u00e1rvore viva vale mais do que uma \u00e1rvore morta. \u00c9 um neg\u00f3cio econ\u00f4mico\u201d, explicou. \u201cN\u00f3s vamos preservar as florestas, mas n\u00f3s vamos receber os recursos, o pagamento pelos servi\u00e7os ambientais\u201d, afirmou.<\/p>\n<p><b>Chave para o futuro<\/b><\/p>\n<p>Paulo Guedes enfatizou que, por estar perto e ser confi\u00e1vel, o Brasil hoje \u00e9 considerado um ponto de seguran\u00e7a para o mundo, ap\u00f3s a ruptura das cadeias globais de suprimentos causada pela pandemia da Covid-19 e, depois, pela guerra da Ucr\u00e2nia. \u201cEssa consci\u00eancia que n\u00f3s, brasileiros, estamos tomando, da nossa pot\u00eancia verde, pot\u00eancia energ\u00e9tica e pot\u00eancia alimentar \u00e9 a mesma ficha que est\u00e1 caindo l\u00e1 fora\u201d, observou. \u201cEles est\u00e3o olhando para n\u00f3s e dizendo que o Brasil \u00e9 chave para esse futuro de seguran\u00e7a energ\u00e9tica e alimentar\u201d, comentou.<\/p>\n<p>Para Guedes, nesse contexto, \u201ca situa\u00e7\u00e3o do Brasil l\u00e1 fora mudou radicalmente\u201d, apesar de ainda haver \u201cmuito barulho pol\u00edtico\u201d. De acordo com ele, o que est\u00e1 acontecendo nos ambientes que decidem \u00e9 uma rela\u00e7\u00e3o de respeito e de coopera\u00e7\u00e3o, al\u00e9m do reconhecimento de que o Brasil \u00e9 uma pot\u00eancia verde, energ\u00e9tica e alimentar.<\/p>\n<p>Ap\u00f3s a Plen\u00e1ria, Paulo Guedes visitou o Jardim Bot\u00e2nico com o ministro Joaquim Leite e plantou\u00a0<em>(foto)<\/em>\u00a0um p\u00e9 de Curmar\u00e1-de-Cheiro \u2013 \u00e1rvore da fam\u00edlia Fabaceae, a mesma do Pau-Brasil.<\/p>\n<p><b>Solu\u00e7\u00f5es inovadoras<\/b><\/p>\n<p>O Congresso Mercado Global de Carbono \u2013 Descarboniza\u00e7\u00e3o &amp; Investimentos Verdes, que ser\u00e1 realizado at\u00e9 sexta-feira (20\/5), visa discutir e propor solu\u00e7\u00f5es inovadoras e de tecnologia capazes de tornar o Brasil um exportador de energia verde para o mundo, al\u00e9m de promover o avan\u00e7o na dire\u00e7\u00e3o da neutralidade em emiss\u00f5es de gases de efeito estufa. O evento tem a participa\u00e7\u00e3o de mais de 100 palestrantes, entre empreendedores e l\u00edderes de grandes corpora\u00e7\u00f5es nacionais e internacionais.<\/p>\n<p>Segundo os organizadores, o evento vai conectar estrat\u00e9gias corporativas, projetos e\u00a0<i>cases<\/i>, al\u00e9m de orientar pol\u00edticas p\u00fablicas capazes de impulsionar a economia verde no Brasil, abordando quest\u00f5es como as condi\u00e7\u00f5es do pa\u00eds para atender a demanda global e como aproveitar as possibilidades de gera\u00e7\u00e3o de energia e\u00f3lica\u00a0<i>offshore<\/i>.<\/p>\n<p>Ser\u00e3o 24 pain\u00e9is em quatro salas tem\u00e1ticas, al\u00e9m de sess\u00f5es plen\u00e1rias no in\u00edcio de cada dia. Est\u00e3o previstas apresenta\u00e7\u00f5es de 120\u00a0<i>cases<\/i>\u00a0de sucesso de empreendedores verdes em quatro miniaudit\u00f3rios.<\/p>\n<p>Os debates abordam as principais tend\u00eancias e perspectivas do mercado de carbono, discutindo temas como cidades inteligentes e a mobilidade urbana; fontes renov\u00e1veis de energia; infraestrutura e log\u00edstica verdes; o papel da agricultura e do agroneg\u00f3cio; cr\u00e9ditos de carbono e floresta nativa; matriz energ\u00e9tica limpa; e bioenergia e hidrog\u00eanio verde, entre outros.<\/p>\n<p><b>Tend\u00eancias e inova\u00e7\u00e3o<\/b><\/p>\n<p>Al\u00e9m do ministro Paulo Guedes, o Minist\u00e9rio da Economia ser\u00e1 representado pelos secret\u00e1rios de Desburocratiza\u00e7\u00e3o e Governo Digital, Caio Mario Paes de Andrade, e de Produtividade e Competitividade, Daniella Marques.<\/p>\n<p>A secret\u00e1ria Daniella Marques falou nesta quarta-feira (18\/5), \u00e0s 14 horas, sobre o tema \u201cPerspectivas e Tend\u00eancias do Mercado de Carbono\u201d, na Sala 01. J\u00e1 o secret\u00e1rio Caio Mario Paes de Andrade estar\u00e1 presente na sexta-feira (20\/5), \u00e0s 16 horas, na Sala 04, onde abordar\u00e1 o tema \u201cStartups, Tecnologia e Inova\u00e7\u00e3o Impulsionando o Futuro Verde\u201d.<\/p>\n<p>Fonte: Informativo dos Portos<\/p>\n","protected":false},"excerpt":{"rendered":"<p>O ministro da Economia, Paulo Guedes, afirmou nesta quarta-feira (18\/5) que o Brasil ser\u00e1 o protagonista que vai puxar a agenda global da economia verde&#8230;.<\/p>\n","protected":false},"author":1527,"featured_media":0,"comment_status":"closed","ping_status":"closed","sticky":false,"template":"","format":"standard","meta":{"footnotes":""},"categories":[6],"tags":[],"class_list":["post-39304","post","type-post","status-publish","format-standard","hentry","category-noticias"],"_links":{"self":[{"href":"https:\/\/www.sincomam.org.br\/index.php\/wp-json\/wp\/v2\/posts\/39304","targetHints":{"allow":["GET"]}}],"collection":[{"href":"https:\/\/www.sincomam.org.br\/index.php\/wp-json\/wp\/v2\/posts"}],"about":[{"href":"https:\/\/www.sincomam.org.br\/index.php\/wp-json\/wp\/v2\/types\/post"}],"author":[{"embeddable":true,"href":"https:\/\/www.sincomam.org.br\/index.php\/wp-json\/wp\/v2\/users\/1527"}],"replies":[{"embeddable":true,"href":"https:\/\/www.sincomam.org.br\/index.php\/wp-json\/wp\/v2\/comments?post=39304"}],"version-history":[{"count":1,"href":"https:\/\/www.sincomam.org.br\/index.php\/wp-json\/wp\/v2\/posts\/39304\/revisions"}],"predecessor-version":[{"id":39306,"href":"https:\/\/www.sincomam.org.br\/index.php\/wp-json\/wp\/v2\/posts\/39304\/revisions\/39306"}],"wp:attachment":[{"href":"https:\/\/www.sincomam.org.br\/index.php\/wp-json\/wp\/v2\/media?parent=39304"}],"wp:term":[{"taxonomy":"category","embeddable":true,"href":"https:\/\/www.sincomam.org.br\/index.php\/wp-json\/wp\/v2\/categories?post=39304"},{"taxonomy":"post_tag","embeddable":true,"href":"https:\/\/www.sincomam.org.br\/index.php\/wp-json\/wp\/v2\/tags?post=39304"}],"curies":[{"name":"wp","href":"https:\/\/api.w.org\/{rel}","templated":true}]}}