{"id":39275,"date":"2022-05-19T10:28:49","date_gmt":"2022-05-19T13:28:49","guid":{"rendered":"http:\/\/www.sincomam.org.br\/?p=39275"},"modified":"2022-05-19T10:28:49","modified_gmt":"2022-05-19T13:28:49","slug":"intensidade-do-vento-deixa-em-alerta-a-comunidade-portuaria-paranaense","status":"publish","type":"post","link":"https:\/\/www.sincomam.org.br\/index.php\/intensidade-do-vento-deixa-em-alerta-a-comunidade-portuaria-paranaense\/","title":{"rendered":"INTENSIDADE DO VENTO DEIXA EM ALERTA A COMUNIDADE PORTU\u00c1RIA PARANAENSE"},"content":{"rendered":"<p>A Portos do Paran\u00e1 informa que os portos de Paranagu\u00e1 e Antonina seguem operando parcialmente devido \u00e0 intensidade dos ventos trazidos pelo ciclone subtropical Yakecan. Com rajadas passando dos 50 km\/h, desde a noite de ter\u00e7a-feira (17), algumas atividades alternam per\u00edodos de opera\u00e7\u00e3o e paradas, para seguran\u00e7a dos trabalhadores portu\u00e1rios.<\/p>\n<p>Os carregadores (shiploaders) do Corredor de Exporta\u00e7\u00e3o Leste, assim como os guindastes do Terminal de Cont\u00eaineres do Porto de Paranagu\u00e1, permanecem paralisados at\u00e9 a tarde dessa quarta-feira (18).<\/p>\n<p>J\u00e1 os guindastes utilizados na descarga dos gran\u00e9is s\u00f3lidos de importa\u00e7\u00e3o (como fertilizantes, trigo, malte e cevada) param somente quando h\u00e1 a passagem de ventos mais fortes.<\/p>\n<p>Os equipamentos s\u00e3o dotados de dispositivos de seguran\u00e7a chamados de anem\u00f4metros. Quando a velocidade do vento ultrapassa 42 km\/h, um alarme \u00e9 disparado para que os operadores paralisem as atividades.<\/p>\n<p>A Ger\u00eancia de Sa\u00fade e Seguran\u00e7a no Trabalho da Portos do Paran\u00e1 informa que as opera\u00e7\u00f5es somente ser\u00e3o normalizadas quando cessarem as rajadas de vento. A esta\u00e7\u00e3o meteorol\u00f3gica pr\u00f3pria do porto de Paranagu\u00e1 registrou velocidade m\u00e1xima de 52 km\/h na noite de ontem.<\/p>\n<p>A Marinha do Brasil pede que as autoridades portu\u00e1rias e demais agentes da comunidade portu\u00e1ria mantenham o estado de alerta at\u00e9 o pr\u00f3ximo dia 20 de maio.<\/p>\n<p>Fonte: Informativo dos Portos<\/p>\n","protected":false},"excerpt":{"rendered":"<p>A Portos do Paran\u00e1 informa que os portos de Paranagu\u00e1 e Antonina seguem operando parcialmente devido \u00e0 intensidade dos ventos trazidos pelo ciclone subtropical Yakecan&#8230;.<\/p>\n","protected":false},"author":1527,"featured_media":39276,"comment_status":"closed","ping_status":"closed","sticky":false,"template":"","format":"standard","meta":{"footnotes":""},"categories":[6],"tags":[],"class_list":["post-39275","post","type-post","status-publish","format-standard","has-post-thumbnail","hentry","category-noticias"],"_links":{"self":[{"href":"https:\/\/www.sincomam.org.br\/index.php\/wp-json\/wp\/v2\/posts\/39275","targetHints":{"allow":["GET"]}}],"collection":[{"href":"https:\/\/www.sincomam.org.br\/index.php\/wp-json\/wp\/v2\/posts"}],"about":[{"href":"https:\/\/www.sincomam.org.br\/index.php\/wp-json\/wp\/v2\/types\/post"}],"author":[{"embeddable":true,"href":"https:\/\/www.sincomam.org.br\/index.php\/wp-json\/wp\/v2\/users\/1527"}],"replies":[{"embeddable":true,"href":"https:\/\/www.sincomam.org.br\/index.php\/wp-json\/wp\/v2\/comments?post=39275"}],"version-history":[{"count":1,"href":"https:\/\/www.sincomam.org.br\/index.php\/wp-json\/wp\/v2\/posts\/39275\/revisions"}],"predecessor-version":[{"id":39277,"href":"https:\/\/www.sincomam.org.br\/index.php\/wp-json\/wp\/v2\/posts\/39275\/revisions\/39277"}],"wp:featuredmedia":[{"embeddable":true,"href":"https:\/\/www.sincomam.org.br\/index.php\/wp-json\/wp\/v2\/media\/39276"}],"wp:attachment":[{"href":"https:\/\/www.sincomam.org.br\/index.php\/wp-json\/wp\/v2\/media?parent=39275"}],"wp:term":[{"taxonomy":"category","embeddable":true,"href":"https:\/\/www.sincomam.org.br\/index.php\/wp-json\/wp\/v2\/categories?post=39275"},{"taxonomy":"post_tag","embeddable":true,"href":"https:\/\/www.sincomam.org.br\/index.php\/wp-json\/wp\/v2\/tags?post=39275"}],"curies":[{"name":"wp","href":"https:\/\/api.w.org\/{rel}","templated":true}]}}