{"id":39270,"date":"2022-05-19T10:26:15","date_gmt":"2022-05-19T13:26:15","guid":{"rendered":"http:\/\/www.sincomam.org.br\/?p=39270"},"modified":"2022-05-19T10:26:15","modified_gmt":"2022-05-19T13:26:15","slug":"grupo-global-de-armadores-e-sindicatos-de-maritimos-selam-acordo-de-tres-anos-para-salario-minimo-global","status":"publish","type":"post","link":"https:\/\/www.sincomam.org.br\/index.php\/grupo-global-de-armadores-e-sindicatos-de-maritimos-selam-acordo-de-tres-anos-para-salario-minimo-global\/","title":{"rendered":"Grupo global de armadores e sindicatos de mar\u00edtimos selam acordo de tr\u00eas anos para sal\u00e1rio m\u00ednimo global"},"content":{"rendered":"<p>O transporte mar\u00edtimo \u00e9 o \u00fanico setor com um sal\u00e1rio m\u00ednimo global formalmente reconhecido, que existe para os mar\u00edtimos desde 1958. A Organiza\u00e7\u00e3o Internacional do Trabalho (OIT) convocou mais uma vez uma rodada de negocia\u00e7\u00f5es bipartidas entre sindicatos de armadores e mar\u00edtimos de todo o mundo, coordenados pela International Chamber of Shipping (ICS) e pela International Transport Workers&#8217; Federation (ITF), respectivamente.<\/p>\n<p>O acordo se aplica universalmente ao grau de classifica\u00e7\u00e3o de Able Seafarer e \u00e9 amplamente reconhecido pela comunidade global de navega\u00e7\u00e3o como contribuindo para o trabalho e emprego decentes para os mar\u00edtimos, para sustentar a si mesmos e suas fam\u00edlias, reconhecendo que o bem-estar geral dos mar\u00edtimos est\u00e1 inextricavelmente ligado a seu bem-estar econ\u00f4mico.<\/p>\n<p>Durante a rodada anterior de negocia\u00e7\u00f5es, conclu\u00edda em setembro do ano passado, armadores e mar\u00edtimos estabeleceram o sal\u00e1rio m\u00ednimo para US$ 648 a partir de 1\u00ba de julho de 2022.<\/p>\n<p>Na \u00faltima rodada de negocia\u00e7\u00f5es, os parceiros concordaram em estruturar o novo acordo de tr\u00eas anos por meio de aumentos anuais, at\u00e9 US$ 673, de 1\u00ba de janeiro de 2023 a 1\u00ba de janeiro de 2025.<\/p>\n<p>Fonte: Portos e Navios<\/p>\n","protected":false},"excerpt":{"rendered":"<p>O transporte mar\u00edtimo \u00e9 o \u00fanico setor com um sal\u00e1rio m\u00ednimo global formalmente reconhecido, que existe para os mar\u00edtimos desde 1958. A Organiza\u00e7\u00e3o Internacional do&#8230;<\/p>\n","protected":false},"author":1527,"featured_media":39271,"comment_status":"closed","ping_status":"closed","sticky":false,"template":"","format":"standard","meta":{"footnotes":""},"categories":[6],"tags":[],"class_list":["post-39270","post","type-post","status-publish","format-standard","has-post-thumbnail","hentry","category-noticias"],"_links":{"self":[{"href":"https:\/\/www.sincomam.org.br\/index.php\/wp-json\/wp\/v2\/posts\/39270","targetHints":{"allow":["GET"]}}],"collection":[{"href":"https:\/\/www.sincomam.org.br\/index.php\/wp-json\/wp\/v2\/posts"}],"about":[{"href":"https:\/\/www.sincomam.org.br\/index.php\/wp-json\/wp\/v2\/types\/post"}],"author":[{"embeddable":true,"href":"https:\/\/www.sincomam.org.br\/index.php\/wp-json\/wp\/v2\/users\/1527"}],"replies":[{"embeddable":true,"href":"https:\/\/www.sincomam.org.br\/index.php\/wp-json\/wp\/v2\/comments?post=39270"}],"version-history":[{"count":1,"href":"https:\/\/www.sincomam.org.br\/index.php\/wp-json\/wp\/v2\/posts\/39270\/revisions"}],"predecessor-version":[{"id":39272,"href":"https:\/\/www.sincomam.org.br\/index.php\/wp-json\/wp\/v2\/posts\/39270\/revisions\/39272"}],"wp:featuredmedia":[{"embeddable":true,"href":"https:\/\/www.sincomam.org.br\/index.php\/wp-json\/wp\/v2\/media\/39271"}],"wp:attachment":[{"href":"https:\/\/www.sincomam.org.br\/index.php\/wp-json\/wp\/v2\/media?parent=39270"}],"wp:term":[{"taxonomy":"category","embeddable":true,"href":"https:\/\/www.sincomam.org.br\/index.php\/wp-json\/wp\/v2\/categories?post=39270"},{"taxonomy":"post_tag","embeddable":true,"href":"https:\/\/www.sincomam.org.br\/index.php\/wp-json\/wp\/v2\/tags?post=39270"}],"curies":[{"name":"wp","href":"https:\/\/api.w.org\/{rel}","templated":true}]}}