{"id":3926,"date":"2014-02-28T08:05:02","date_gmt":"2014-02-28T11:05:02","guid":{"rendered":"http:\/\/www.sincomam.org.br\/?p=3926"},"modified":"2014-02-28T08:46:48","modified_gmt":"2014-02-28T11:46:48","slug":"veja-o-que-abre-e-o-que-fecha-durante-o-carnaval-no-rio","status":"publish","type":"post","link":"https:\/\/www.sincomam.org.br\/index.php\/veja-o-que-abre-e-o-que-fecha-durante-o-carnaval-no-rio\/","title":{"rendered":"Carnaval carioca: veja o que abre e o que fecha"},"content":{"rendered":"<p><b><i>Transportes p\u00fablicos ter\u00e3o ve\u00edculos extra em circula\u00e7\u00e3o<\/i><\/b><\/p>\n<p>Os servi\u00e7os da cidade do Rio v\u00e3o funcionar com hor\u00e1rios especiais no per\u00edodo de carnaval. Os bancos n\u00e3o v\u00e3o abrir no feriad\u00e3o, j\u00e1 os shoppings e supermercados funcionam em hor\u00e1rio facultativo, ou seja, podem ou n\u00e3o abrir. <br \/><b>Confira o que abre e o que fecha na cidade:<\/b><\/p>\n<p><b>Bancos<\/b><\/p>\n<p>A Federa\u00e7\u00e3o Brasileira de Bancos (Febraban) informou que os bancos estar\u00e3o fechados para atendimento ao p\u00fablico nesta segunda-feira (11) e ter\u00e7a-feira (12), reabrindo a partir das 12 horas de quarta-feira (13).<\/p>\n<p><b>Correios<\/b><\/p>\n<p>Na sexta-feira (8), as ag\u00eancias ter\u00e3o funcionamento normal das 9h \u00e0s 17h. Apenas as ag\u00eancias situadas na Avenida Presidente Vargas e na Rua Afonso Cavalcanti, no Centro do Rio, funcionar\u00e3o at\u00e9 as 15h. No s\u00e1bado (9), as ag\u00eancias que j\u00e1 funcionam no fim de semana v\u00e3o abrir no hor\u00e1rio das 9h \u00e0s 13h.<\/p>\n<p>No domingo (10), segunda-feira (11) e ter\u00e7a-feira (12) o funcionamento fica em regime de plant\u00e3o, das 8h \u00e0s 15h30, na ag\u00eancia de correio Tom Jobim, no Aeroporto Internacional. Na quarta (13), o funcionamento \u00e9 normal a partir das 12h.<\/p>\n<p><b>Supermercados<\/b><\/p>\n<p>Segundo a Associa\u00e7\u00e3o de Supermercados do estado do Rio (Asserje), os supermercados funcionam normalmente durante o carnaval. No entanto, segundo a Asserje, o hor\u00e1rio de fechamento dos estabelecimentos ser\u00e1 facultativo, de 8h \u00e0s 14h ou das 8h \u00e0s 20h, nesta segunda e ter\u00e7a.<\/p>\n<p><b>Hospitais<\/b><\/p>\n<p>Os hospitais de emerg\u00eancia e unidades 24 horas da Secretaria municipal de Sa\u00fade do Rio funcionam normalmente.<\/p>\n<p><b>Feiras livres<\/b><\/p>\n<p>Segundo a Secretaria Especial de Ordem P\u00fablica (Seop), as feiras livres v\u00e3o funcionar normalmente em toda a cidade.<\/p>\n<p><b>Rodovi\u00e1ria Novo Rio<\/b><\/p>\n<p>O Cons\u00f3rcio Novo Rio, grupo que administra a rodovi\u00e1ria Novo Rio, estima que mais de 410 mil pessoas devem circular pelo terminal entre os dias 7 e 13 de fevereiro para o feriado do carnaval.<\/p>\n<p>O maior movimento de passageiros ser\u00e1 na sexta-feira (28), quando 54 mil pessoas dever\u00e3o deixar a cidade em 1.470 \u00f4nibus, sendo 600 extras. De acordo com as 41 empresas de \u00f4nibus que operam no terminal, foram programados, durante todo o per\u00edodo, mais 12.800 \u00f4nibus para atender a demanda, sendo quase 4 mil extras. Os destinos mais procurados no Estado do Rio s\u00e3o as regi\u00f5es dos Lagos, Serrana e a Costa Verde.<\/p>\n<p><b>Trens<\/b><\/p>\n<p>A SuperVia, que administra os trens do Rio de Janeiro, informou que o sistema ferrovi\u00e1rio funciona 24 horas durante o carnaval, com viagens extras para Japeri, Santa Cruz e Belford Roxo. O embarque nos hor\u00e1rios extras dever\u00e1 ser feito na esta\u00e7\u00e3o Central do Brasil.<\/p>\n<p><b>Metr\u00f4<\/b><\/p>\n<p>O Metr\u00f4 Rio informou que um esquema especial ser\u00e1 montado para o carnaval durante os cinco dias de folia. O servi\u00e7o funcionar\u00e1 de forma ininterrupta a partir das 5h da pr\u00f3xima sexta-feira (28) at\u00e9 23h de ter\u00e7a-feira (04), sendo que as esta\u00e7\u00f5es Central do Brasil e Pra\u00e7a Onze ficam abertas at\u00e9 1h da Quarta-Feira (05) de Cinzas.<\/p>\n<p>Al\u00e9m disso, o foli\u00e3o poder\u00e1 percorrer o percurso direto entre a esta\u00e7\u00e3o Pavuna, na zona norte, at\u00e9 a General Os\u00f3rio, na zona sul, sem a necessidade de transfer\u00eancia entre as linhas vermelha e verde (1 e 2). A opera\u00e7\u00e3o especial se repete ainda entre 5h de s\u00e1bado e 23h de domingo para o Desfile das Campe\u00e3s.<\/p>\n<p>Ainda segundo o Metr\u00f4 Rio, algumas esta\u00e7\u00f5es ficar\u00e3o fechadas por terem pouco acesso de passageiros e podendo ser compensadas por outras mais pr\u00f3ximas. S\u00e3o elas: Presidente Vargas, Catete, e Maracan\u00e3, que estar\u00e3o impedidas de receber passageiros entre 0h e 5h de s\u00e1bado e fechar\u00e3o \u00e0s 0h de domingo.<\/p>\n<p><b>Barcas<\/b><\/p>\n<p>A concession\u00e1ria Barcas S.A. vai operar com hor\u00e1rios especiais na segunda-feira e quarta-feira. A concession\u00e1ria vai realizar viagens extras durante as madrugadas, de domingo a ter\u00e7a-feira. A previs\u00e3o \u00e9 de que sejam transportados cerca de 500 mil passageiros entre os dias quinta (7) e ter\u00e7a-feira (12).<\/p>\n<p>Fonte: G1<\/p>\n","protected":false},"excerpt":{"rendered":"<p>Transportes p\u00fablicos ter\u00e3o ve\u00edculos extra em circula\u00e7\u00e3o Os servi\u00e7os da cidade do Rio v\u00e3o funcionar com hor\u00e1rios especiais no per\u00edodo de carnaval. Os bancos n\u00e3o&#8230;<\/p>\n","protected":false},"author":1182,"featured_media":3933,"comment_status":"closed","ping_status":"closed","sticky":false,"template":"","format":"standard","meta":{"footnotes":""},"categories":[6],"tags":[609,489,608,20,271,524,229,526],"class_list":["post-3926","post","type-post","status-publish","format-standard","has-post-thumbnail","hentry","category-noticias","tag-bancos","tag-barcas","tag-carnaval","tag-comemoracao","tag-funcionamento","tag-metro","tag-rio","tag-trem"],"_links":{"self":[{"href":"https:\/\/www.sincomam.org.br\/index.php\/wp-json\/wp\/v2\/posts\/3926","targetHints":{"allow":["GET"]}}],"collection":[{"href":"https:\/\/www.sincomam.org.br\/index.php\/wp-json\/wp\/v2\/posts"}],"about":[{"href":"https:\/\/www.sincomam.org.br\/index.php\/wp-json\/wp\/v2\/types\/post"}],"author":[{"embeddable":true,"href":"https:\/\/www.sincomam.org.br\/index.php\/wp-json\/wp\/v2\/users\/1182"}],"replies":[{"embeddable":true,"href":"https:\/\/www.sincomam.org.br\/index.php\/wp-json\/wp\/v2\/comments?post=3926"}],"version-history":[{"count":5,"href":"https:\/\/www.sincomam.org.br\/index.php\/wp-json\/wp\/v2\/posts\/3926\/revisions"}],"predecessor-version":[{"id":3982,"href":"https:\/\/www.sincomam.org.br\/index.php\/wp-json\/wp\/v2\/posts\/3926\/revisions\/3982"}],"wp:featuredmedia":[{"embeddable":true,"href":"https:\/\/www.sincomam.org.br\/index.php\/wp-json\/wp\/v2\/media\/3933"}],"wp:attachment":[{"href":"https:\/\/www.sincomam.org.br\/index.php\/wp-json\/wp\/v2\/media?parent=3926"}],"wp:term":[{"taxonomy":"category","embeddable":true,"href":"https:\/\/www.sincomam.org.br\/index.php\/wp-json\/wp\/v2\/categories?post=3926"},{"taxonomy":"post_tag","embeddable":true,"href":"https:\/\/www.sincomam.org.br\/index.php\/wp-json\/wp\/v2\/tags?post=3926"}],"curies":[{"name":"wp","href":"https:\/\/api.w.org\/{rel}","templated":true}]}}