{"id":39221,"date":"2022-05-16T10:50:52","date_gmt":"2022-05-16T13:50:52","guid":{"rendered":"http:\/\/www.sincomam.org.br\/?p=39221"},"modified":"2022-05-16T10:50:52","modified_gmt":"2022-05-16T13:50:52","slug":"empresarios-querem-criar-uma-rota-de-comercio-maritimo-entre-brasil-e-cabo-verde","status":"publish","type":"post","link":"https:\/\/www.sincomam.org.br\/index.php\/empresarios-querem-criar-uma-rota-de-comercio-maritimo-entre-brasil-e-cabo-verde\/","title":{"rendered":"EMPRES\u00c1RIOS QUEREM CRIAR UMA ROTA DE COM\u00c9RCIO MAR\u00cdTIMO ENTRE BRASIL E CABO VERDE"},"content":{"rendered":"<p>Recife, capital de Pernambuco, sediou pela primeira vez o Semin\u00e1rio Oportunidades de Neg\u00f3cios com a \u00c1frica. O evento foi organizado pelo Instituto Internacional FEAFRO e pela C\u00e2mara de Com\u00e9rcio Afro-Brasileira. Durante suas 28 reuni\u00f5es, distribu\u00eddas por diversas rodadas de neg\u00f3cios, o semin\u00e1rio lan\u00e7ou luz sobre a possibilidade de cria\u00e7\u00e3o de uma rota mar\u00edtima comercial ligando o Nordeste brasileiro ao continente africano, tendo Cabo Verde como hub.<\/p>\n<p>Um grupo de empres\u00e1rios e investidores se reuniu com o empres\u00e1rio Gabriel Ara\u00fajo, da empresa brasileira Alfa Mares, para desenvolver um projeto de log\u00edstica mar\u00edtima entre o Nordeste brasileiro e a \u00c1frica Ocidental.<\/p>\n<p>A ideia \u00e9 fortalecer o mercado de micro, pequenos e m\u00e9dios empres\u00e1rios para que possam internacionalizar as suas opera\u00e7\u00f5es utilizando uma rota de navega\u00e7\u00e3o oce\u00e2nica de nove dias at\u00e9 Cabo Verde em navios de pequeno porte at\u00e9 800 toneladas e capacidade para 120 contentores.<\/p>\n<p>\u201cO primeiro passo j\u00e1 foi dado. Estamos formando um comit\u00ea, incluindo empresas do setor privado que estiveram presentes no evento e est\u00e3o dispostas a ajudar. Buscaremos tamb\u00e9m outros empres\u00e1rios pernambucanos e entidades do setor p\u00fablico para nos ajudar a lan\u00e7ar esta rota de navega\u00e7\u00e3o a partir deste projeto de log\u00edstica mar\u00edtima, ressalta a presidente do Instituto Internacional FEAFRO, Silvana Saraiva.<\/p>\n<p>\u201cPretendemos envolver toda a regi\u00e3o Nordeste e Norte do Brasil com uma vis\u00e3o atl\u00e2ntica, usando Cabo Verde como hub para chegar a outros pa\u00edses da \u00c1frica Ocidental, como Angola, Nig\u00e9ria e Senegal\u201d, resume Gabriel.<\/p>\n<p>Fonte: Jornal do Com\u00e9rcio e Datamar News<\/p>\n","protected":false},"excerpt":{"rendered":"<p>Recife, capital de Pernambuco, sediou pela primeira vez o Semin\u00e1rio Oportunidades de Neg\u00f3cios com a \u00c1frica. O evento foi organizado pelo Instituto Internacional FEAFRO e&#8230;<\/p>\n","protected":false},"author":1527,"featured_media":39222,"comment_status":"closed","ping_status":"closed","sticky":false,"template":"","format":"standard","meta":{"footnotes":""},"categories":[6],"tags":[],"class_list":["post-39221","post","type-post","status-publish","format-standard","has-post-thumbnail","hentry","category-noticias"],"_links":{"self":[{"href":"https:\/\/www.sincomam.org.br\/index.php\/wp-json\/wp\/v2\/posts\/39221","targetHints":{"allow":["GET"]}}],"collection":[{"href":"https:\/\/www.sincomam.org.br\/index.php\/wp-json\/wp\/v2\/posts"}],"about":[{"href":"https:\/\/www.sincomam.org.br\/index.php\/wp-json\/wp\/v2\/types\/post"}],"author":[{"embeddable":true,"href":"https:\/\/www.sincomam.org.br\/index.php\/wp-json\/wp\/v2\/users\/1527"}],"replies":[{"embeddable":true,"href":"https:\/\/www.sincomam.org.br\/index.php\/wp-json\/wp\/v2\/comments?post=39221"}],"version-history":[{"count":1,"href":"https:\/\/www.sincomam.org.br\/index.php\/wp-json\/wp\/v2\/posts\/39221\/revisions"}],"predecessor-version":[{"id":39223,"href":"https:\/\/www.sincomam.org.br\/index.php\/wp-json\/wp\/v2\/posts\/39221\/revisions\/39223"}],"wp:featuredmedia":[{"embeddable":true,"href":"https:\/\/www.sincomam.org.br\/index.php\/wp-json\/wp\/v2\/media\/39222"}],"wp:attachment":[{"href":"https:\/\/www.sincomam.org.br\/index.php\/wp-json\/wp\/v2\/media?parent=39221"}],"wp:term":[{"taxonomy":"category","embeddable":true,"href":"https:\/\/www.sincomam.org.br\/index.php\/wp-json\/wp\/v2\/categories?post=39221"},{"taxonomy":"post_tag","embeddable":true,"href":"https:\/\/www.sincomam.org.br\/index.php\/wp-json\/wp\/v2\/tags?post=39221"}],"curies":[{"name":"wp","href":"https:\/\/api.w.org\/{rel}","templated":true}]}}