{"id":39218,"date":"2022-05-16T10:49:49","date_gmt":"2022-05-16T13:49:49","guid":{"rendered":"http:\/\/www.sincomam.org.br\/?p=39218"},"modified":"2022-05-16T10:49:49","modified_gmt":"2022-05-16T13:49:49","slug":"senado-aprova-mp-que-prorroga-incentivo-fiscal-a-exportacao","status":"publish","type":"post","link":"https:\/\/www.sincomam.org.br\/index.php\/senado-aprova-mp-que-prorroga-incentivo-fiscal-a-exportacao\/","title":{"rendered":"SENADO APROVA MP QUE PRORROGA INCENTIVO FISCAL \u00c0 EXPORTA\u00c7\u00c3O"},"content":{"rendered":"<p>O Senado aprovou na quinta-feira (12) a Medida Provis\u00f3ria (MP) 1.079\/2021, que prorroga por mais um ano o prazo do regime aduaneiro especial de drawback, um incentivo fiscal \u00e0 exporta\u00e7\u00e3o dado \u00e0s empresas quando compram mat\u00e9rias-primas e mercadorias para o processo produtivo. A mat\u00e9ria vai \u00e0 san\u00e7\u00e3o presidencial. <\/p>\n<p>Os prazos j\u00e1 tinham sido prorrogados uma vez. Desta vez, a justificativa do governo \u00e9 que os efeitos econ\u00f4micos da pandemia de covid-19 sobre a cadeia produtiva ainda persistem e isso poderia prejudicar as empresas exportadoras que n\u00e3o conseguiram vender efetivamente seus produtos devido \u00e0 queda de demanda.<\/p>\n<p>O texto permite a prorroga\u00e7\u00e3o para os atos de concess\u00e3o que finalizem nos anos de 2021 e 2022 e determina que a partir de 1\u00ba de janeiro de 2023 ser\u00e3o isentas do pagamento do Adicional ao Frete para a Renova\u00e7\u00e3o da Marinha Mercante (AFRMM) as cargas com mercadorias importadas sob o regime de drawback.<\/p>\n<p><strong>BENEF\u00cdCIO<\/strong><br \/>\nO drawback \u00e9 um sistema pelo qual a empresa exportadora conta com isen\u00e7\u00e3o, suspens\u00e3o ou redu\u00e7\u00e3o a zero de al\u00edquotas de tributos incidentes sobre mercadorias, insumos e produtos usados na fabrica\u00e7\u00e3o de outro produto a ser exportado.<\/p>\n<p>Para contar com o benef\u00edcio, que abrange tributos como Imposto de Importa\u00e7\u00e3o, Imposto sobre Produtos Industrializados (IPI), PIS e Cofins, a empresa precisa se habilitar na Secretaria de Com\u00e9rcio Exterior do Minist\u00e9rio da Economia, respons\u00e1vel pela concess\u00e3o do drawback, que define um prazo para a exporta\u00e7\u00e3o ser efetivada, sob pena de pagamento dos tributos devidos.<\/p>\n<p>fonte: Informativo dos Portos<\/p>\n","protected":false},"excerpt":{"rendered":"<p>O Senado aprovou na quinta-feira (12) a Medida Provis\u00f3ria (MP) 1.079\/2021, que prorroga por mais um ano o prazo do regime aduaneiro especial de drawback,&#8230;<\/p>\n","protected":false},"author":1527,"featured_media":39219,"comment_status":"closed","ping_status":"closed","sticky":false,"template":"","format":"standard","meta":{"footnotes":""},"categories":[6],"tags":[],"class_list":["post-39218","post","type-post","status-publish","format-standard","has-post-thumbnail","hentry","category-noticias"],"_links":{"self":[{"href":"https:\/\/www.sincomam.org.br\/index.php\/wp-json\/wp\/v2\/posts\/39218","targetHints":{"allow":["GET"]}}],"collection":[{"href":"https:\/\/www.sincomam.org.br\/index.php\/wp-json\/wp\/v2\/posts"}],"about":[{"href":"https:\/\/www.sincomam.org.br\/index.php\/wp-json\/wp\/v2\/types\/post"}],"author":[{"embeddable":true,"href":"https:\/\/www.sincomam.org.br\/index.php\/wp-json\/wp\/v2\/users\/1527"}],"replies":[{"embeddable":true,"href":"https:\/\/www.sincomam.org.br\/index.php\/wp-json\/wp\/v2\/comments?post=39218"}],"version-history":[{"count":1,"href":"https:\/\/www.sincomam.org.br\/index.php\/wp-json\/wp\/v2\/posts\/39218\/revisions"}],"predecessor-version":[{"id":39220,"href":"https:\/\/www.sincomam.org.br\/index.php\/wp-json\/wp\/v2\/posts\/39218\/revisions\/39220"}],"wp:featuredmedia":[{"embeddable":true,"href":"https:\/\/www.sincomam.org.br\/index.php\/wp-json\/wp\/v2\/media\/39219"}],"wp:attachment":[{"href":"https:\/\/www.sincomam.org.br\/index.php\/wp-json\/wp\/v2\/media?parent=39218"}],"wp:term":[{"taxonomy":"category","embeddable":true,"href":"https:\/\/www.sincomam.org.br\/index.php\/wp-json\/wp\/v2\/categories?post=39218"},{"taxonomy":"post_tag","embeddable":true,"href":"https:\/\/www.sincomam.org.br\/index.php\/wp-json\/wp\/v2\/tags?post=39218"}],"curies":[{"name":"wp","href":"https:\/\/api.w.org\/{rel}","templated":true}]}}