{"id":39204,"date":"2022-05-13T11:23:47","date_gmt":"2022-05-13T14:23:47","guid":{"rendered":"http:\/\/www.sincomam.org.br\/?p=39204"},"modified":"2022-05-13T11:23:47","modified_gmt":"2022-05-13T14:23:47","slug":"audiencia-publica-sobre-taxa-de-movimentacao-no-terminal-thc-sera-no-dia-17-de-maio","status":"publish","type":"post","link":"https:\/\/www.sincomam.org.br\/index.php\/audiencia-publica-sobre-taxa-de-movimentacao-no-terminal-thc-sera-no-dia-17-de-maio\/","title":{"rendered":"AUDI\u00caNCIA P\u00daBLICA SOBRE TAXA DE MOVIMENTA\u00c7\u00c3O NO TERMINAL (THC) SER\u00c1 NO DIA 17 DE MAIO"},"content":{"rendered":"<p>A ANTAQ realizar\u00e1 audi\u00eancia p\u00fablica virtual na pr\u00f3xima ter\u00e7a-feira (17), \u00e0s 15h, para obter contribui\u00e7\u00f5es para aprimorar as normas relativas \u00e0 sistematiza\u00e7\u00e3o do mecanismo de an\u00e1lise e apura\u00e7\u00e3o de poss\u00edveis abusividades relacionadas \u00e0 cobran\u00e7a de THC de usu\u00e1rios, por parte dos armadores que atracam em instala\u00e7\u00f5es portu\u00e1rias brasileiras. O tema (item 3.1) est\u00e1 na Agenda Regulat\u00f3ria da Ag\u00eancia, bi\u00eanio 2020\/2021.<\/p>\n<p>A Taxa de Movimenta\u00e7\u00e3o no Terminal (Terminal Handling Charge \u2013 THC) \u00e9 o pre\u00e7o cobrado pelos servi\u00e7os de movimenta\u00e7\u00e3o de cargas entre o port\u00e3o do terminal portu\u00e1rio e o costado da embarca\u00e7\u00e3o, inclu\u00edda a guarda transit\u00f3ria das cargas pelo prazo contratado entre o transportador mar\u00edtimo, ou seu representante, e a instala\u00e7\u00e3o portu\u00e1ria ou operador portu\u00e1rio, no caso da exporta\u00e7\u00e3o, ou entre o costado da embarca\u00e7\u00e3o e sua coloca\u00e7\u00e3o na pilha do terminal portu\u00e1rio no caso da importa\u00e7\u00e3o.<\/p>\n<p>As minutas jur\u00eddicas e os documentos t\u00e9cnicos est\u00e3o dispon\u00edveis em: Audi\u00eancia P\u00fablica n\u00ba 03\/2022.<\/p>\n<p>Participa\u00e7\u00e3o social<\/p>\n<p>A audi\u00eancia p\u00fablica ser\u00e1 transmitida via streaming, gravada e disponibilizada no canal da ANTAQ no Youtube. Nesse caso, n\u00e3o \u00e9 necess\u00e1rio fazer inscri\u00e7\u00e3o para assistir. J\u00e1 os interessados em se manifestar dever\u00e3o se inscrever pelo aplicativo de mensagens Whatsapp no n\u00famero (61) 2029-6940. O per\u00edodo de inscri\u00e7\u00e3o ser\u00e1 das 9h \u00e0s 14h do dia 17 de maio.<\/p>\n<p>Os inscritos poder\u00e3o enviar sua contribui\u00e7\u00e3o por v\u00eddeo, \u00e1udio ou at\u00e9 mesmo por escrito no Whatsapp. Tamb\u00e9m poder\u00e3o se manifestar entrando na sala de reuni\u00e3o criada no aplicativo Zoom. Para isso, no ato de inscri\u00e7\u00e3o, o interessado dever\u00e1 se manifestar nesse sentido e encaminhar seu endere\u00e7o eletr\u00f4nico de login para acessar a plataforma e ser convidado a entrar na sala na sua vez.<\/p>\n<p>Em caso de problemas computacionais para utiliza\u00e7\u00e3o do Zoom, ser\u00e1 realizada uma segunda tentativa de conex\u00e3o ao final de todas as contribui\u00e7\u00f5es ou o interessado poder\u00e1 encaminhar sua contribui\u00e7\u00e3o pelo Whatsapp.<\/p>\n<p>Foto: Walter Lagarenne\/SCPA<\/p>\n","protected":false},"excerpt":{"rendered":"<p>A ANTAQ realizar\u00e1 audi\u00eancia p\u00fablica virtual na pr\u00f3xima ter\u00e7a-feira (17), \u00e0s 15h, para obter contribui\u00e7\u00f5es para aprimorar as normas relativas \u00e0 sistematiza\u00e7\u00e3o do mecanismo de&#8230;<\/p>\n","protected":false},"author":1527,"featured_media":39205,"comment_status":"closed","ping_status":"closed","sticky":false,"template":"","format":"standard","meta":{"footnotes":""},"categories":[6],"tags":[],"class_list":["post-39204","post","type-post","status-publish","format-standard","has-post-thumbnail","hentry","category-noticias"],"_links":{"self":[{"href":"https:\/\/www.sincomam.org.br\/index.php\/wp-json\/wp\/v2\/posts\/39204","targetHints":{"allow":["GET"]}}],"collection":[{"href":"https:\/\/www.sincomam.org.br\/index.php\/wp-json\/wp\/v2\/posts"}],"about":[{"href":"https:\/\/www.sincomam.org.br\/index.php\/wp-json\/wp\/v2\/types\/post"}],"author":[{"embeddable":true,"href":"https:\/\/www.sincomam.org.br\/index.php\/wp-json\/wp\/v2\/users\/1527"}],"replies":[{"embeddable":true,"href":"https:\/\/www.sincomam.org.br\/index.php\/wp-json\/wp\/v2\/comments?post=39204"}],"version-history":[{"count":1,"href":"https:\/\/www.sincomam.org.br\/index.php\/wp-json\/wp\/v2\/posts\/39204\/revisions"}],"predecessor-version":[{"id":39206,"href":"https:\/\/www.sincomam.org.br\/index.php\/wp-json\/wp\/v2\/posts\/39204\/revisions\/39206"}],"wp:featuredmedia":[{"embeddable":true,"href":"https:\/\/www.sincomam.org.br\/index.php\/wp-json\/wp\/v2\/media\/39205"}],"wp:attachment":[{"href":"https:\/\/www.sincomam.org.br\/index.php\/wp-json\/wp\/v2\/media?parent=39204"}],"wp:term":[{"taxonomy":"category","embeddable":true,"href":"https:\/\/www.sincomam.org.br\/index.php\/wp-json\/wp\/v2\/categories?post=39204"},{"taxonomy":"post_tag","embeddable":true,"href":"https:\/\/www.sincomam.org.br\/index.php\/wp-json\/wp\/v2\/tags?post=39204"}],"curies":[{"name":"wp","href":"https:\/\/api.w.org\/{rel}","templated":true}]}}