{"id":39201,"date":"2022-05-13T11:09:47","date_gmt":"2022-05-13T14:09:47","guid":{"rendered":"http:\/\/www.sincomam.org.br\/?p=39201"},"modified":"2022-05-13T11:09:47","modified_gmt":"2022-05-13T14:09:47","slug":"niteroi-e-o-primeiro-municipio-brasileiro-a-lancar-um-site-sobre-a-decada-do-oceano","status":"publish","type":"post","link":"https:\/\/www.sincomam.org.br\/index.php\/niteroi-e-o-primeiro-municipio-brasileiro-a-lancar-um-site-sobre-a-decada-do-oceano\/","title":{"rendered":"Niter\u00f3i \u00e9 o primeiro munic\u00edpio brasileiro a lan\u00e7ar um site sobre a D\u00e9cada do Oceano"},"content":{"rendered":"<p>O munic\u00edpio de Niter\u00f3i, na regi\u00e3o Metropolitana do Rio de Janeiro, \u00e9 o primeiro a lan\u00e7ar um site sobre a \u201cD\u00e9cada do Oceano\u201d no Brasil. Desenvolvida pelo Escrit\u00f3rio de Gest\u00e3o de Projetos (EGP) da Prefeitura de Niter\u00f3i, a plataforma \u201cOceano que Queremos\u201d, que entrou no ar na \u00faltima quinta-feira, (12\/05), concentra iniciativas ligadas \u00e0 preserva\u00e7\u00e3o dos mares e dos oceanos desenvolvidas em Niter\u00f3i. A plataforma inclui um Painel de Mapeamento das propostas ligadas ao assunto. At\u00e9 o momento s\u00e3o 12 os projetos cadastrados. A plataforma inclui tamb\u00e9m narrativas sobre os \u201cHer\u00f3is do Oceano\u201d, com pessoas que contribuem para a qualifica\u00e7\u00e3o ambiental das praias e do oceano no munic\u00edpio.<\/p>\n<p>O objetivo do projeto \u00e9 engajar o poder p\u00fablico, pescadores, atletas, acad\u00eamicos, e toda a popula\u00e7\u00e3o nos estudos e reflex\u00f5es sobre os oceanos. Na plataforma ser\u00e3o postadas not\u00edcias sobre Niter\u00f3i, eventos e refer\u00eancias sobre os mares e o oceano.<\/p>\n<p>A plataforma \u201cOceano que Queremos\u201d faz parte da agenda D\u00e9cada da Ci\u00eancia Oce\u00e2nica do munic\u00edpio, que, sua vez, est\u00e1 alinhada \u00e0 Agenda 2030, da Organiza\u00e7\u00e3o das Na\u00e7\u00f5es Unidas (ONU).<\/p>\n<p>Para o prefeito de Niter\u00f3i, Axel Grael (PDT), \u00e9 de grande import\u00e2ncia que os poderes p\u00fablicos locais assumam a lideran\u00e7a de agendas, como a prote\u00e7\u00e3o dos oceanos. \u201cNos \u00faltimos anos, Niter\u00f3i alcan\u00e7ou 96% de tratamento de esgoto e investimos em programas como o Enseada Limpa, que aumentou a balneabilidade da enseada de Jurujuba de 19,23%, em 2013, para 58% em 2021. \u00c9 urgente que, cada vez mais, os munic\u00edpios assumam seu protagonismo nas a\u00e7\u00f5es em defesa do Meio Ambiente e na mitiga\u00e7\u00e3o das mudan\u00e7as clim\u00e1ticas. A sustentabilidade pautar\u00e1 o futuro ou n\u00e3o haver\u00e1 futuro\u201d, disse o prefeito de Niter\u00f3i.<\/p>\n<p>Axel Grael comentou ainda que Niter\u00f3i tem tradi\u00e7\u00e3o vinculada \u00e0s atividades mar\u00edtimas, \u00e0 economia do mar e aos esportes n\u00e1uticos.<\/p>\n<p>\u201cO oceano est\u00e1 dentro do nosso cotidiano, ele emoldura nossa cidade e se traduz em muitas oportunidades para o desenvolvimento sustent\u00e1vel de Niter\u00f3i. Nossa tradi\u00e7\u00e3o em esportes mar\u00edtimos, na pesca e na ind\u00fastria naval mostra a import\u00e2ncia da preserva\u00e7\u00e3o do oceano, imprescind\u00edvel tamb\u00e9m para alavancar uma s\u00e9rie de atividades ligadas ao turismo. Somos sede da Esquadra Brasileira, uma parte da popula\u00e7\u00e3o convive com o mar diariamente atravessando a Ba\u00eda de Guanabara, a orla \u00e9 usada para o lazer. Ao proteger os oceanos e todo seu ecossistema, al\u00e9m de preservar as esp\u00e9cies, estamos investindo em inclus\u00e3o social, sa\u00fade e gera\u00e7\u00e3o de empregos\u201d, enfatizou o Grael.<\/p>\n<p>A secret\u00e1ria do Escrit\u00f3rio de Gest\u00e3o de Projetos, Val\u00e9ria Braga, comentou que a cria\u00e7\u00e3o da D\u00e9cada das Ci\u00eancias Oce\u00e2nicas se iniciou atrav\u00e9s de um pequeno F\u00f3rum Municipal. \u201cA Agenda come\u00e7ou com um F\u00f3rum Municipal que promoveu debates com profissionais que estudam ou trabalham com os Oceanos, e possibilitou parcerias, conhecimento e trouxe muita inspira\u00e7\u00e3o. A partir do F\u00f3rum foi criado um hub para a Agenda Municipal da D\u00e9cada do Oceano, onde todos poder\u00e3o divulgar suas iniciativas ligadas aos Oceanos, em Niter\u00f3i, ou que impactem o munic\u00edpio\u201d, explicou a secret\u00e1ria.<\/p>\n<p>Fonte: Di\u00e1rio do Rio<\/p>\n","protected":false},"excerpt":{"rendered":"<p>O munic\u00edpio de Niter\u00f3i, na regi\u00e3o Metropolitana do Rio de Janeiro, \u00e9 o primeiro a lan\u00e7ar um site sobre a \u201cD\u00e9cada do Oceano\u201d no Brasil&#8230;.<\/p>\n","protected":false},"author":1527,"featured_media":39202,"comment_status":"closed","ping_status":"closed","sticky":false,"template":"","format":"standard","meta":{"footnotes":""},"categories":[6],"tags":[],"class_list":["post-39201","post","type-post","status-publish","format-standard","has-post-thumbnail","hentry","category-noticias"],"_links":{"self":[{"href":"https:\/\/www.sincomam.org.br\/index.php\/wp-json\/wp\/v2\/posts\/39201","targetHints":{"allow":["GET"]}}],"collection":[{"href":"https:\/\/www.sincomam.org.br\/index.php\/wp-json\/wp\/v2\/posts"}],"about":[{"href":"https:\/\/www.sincomam.org.br\/index.php\/wp-json\/wp\/v2\/types\/post"}],"author":[{"embeddable":true,"href":"https:\/\/www.sincomam.org.br\/index.php\/wp-json\/wp\/v2\/users\/1527"}],"replies":[{"embeddable":true,"href":"https:\/\/www.sincomam.org.br\/index.php\/wp-json\/wp\/v2\/comments?post=39201"}],"version-history":[{"count":1,"href":"https:\/\/www.sincomam.org.br\/index.php\/wp-json\/wp\/v2\/posts\/39201\/revisions"}],"predecessor-version":[{"id":39203,"href":"https:\/\/www.sincomam.org.br\/index.php\/wp-json\/wp\/v2\/posts\/39201\/revisions\/39203"}],"wp:featuredmedia":[{"embeddable":true,"href":"https:\/\/www.sincomam.org.br\/index.php\/wp-json\/wp\/v2\/media\/39202"}],"wp:attachment":[{"href":"https:\/\/www.sincomam.org.br\/index.php\/wp-json\/wp\/v2\/media?parent=39201"}],"wp:term":[{"taxonomy":"category","embeddable":true,"href":"https:\/\/www.sincomam.org.br\/index.php\/wp-json\/wp\/v2\/categories?post=39201"},{"taxonomy":"post_tag","embeddable":true,"href":"https:\/\/www.sincomam.org.br\/index.php\/wp-json\/wp\/v2\/tags?post=39201"}],"curies":[{"name":"wp","href":"https:\/\/api.w.org\/{rel}","templated":true}]}}