{"id":39195,"date":"2022-05-13T10:53:28","date_gmt":"2022-05-13T13:53:28","guid":{"rendered":"http:\/\/www.sincomam.org.br\/?p=39195"},"modified":"2022-05-13T10:53:28","modified_gmt":"2022-05-13T13:53:28","slug":"capitania-dos-portos-do-espirito-santo-participa-de-congresso-de-direito-maritimo","status":"publish","type":"post","link":"https:\/\/www.sincomam.org.br\/index.php\/capitania-dos-portos-do-espirito-santo-participa-de-congresso-de-direito-maritimo\/","title":{"rendered":"Capitania dos Portos do Espirito Santo participa de Congresso de Direito Mar\u00edtimo"},"content":{"rendered":"<p>O Capit\u00e3o dos Portos do Esp\u00edrito Santo (CPES) participou, nos dias 5 e 6 de maio, do IV Congresso de Direito Mar\u00edtimo &#038; Portu\u00e1rio ABDM, realizado no Hotel Golden Tulip, munic\u00edpio de Vit\u00f3ria (ES). O evento contou com a presen\u00e7a do Presidente do Tribunal Mar\u00edtimo, Vice-Almirante Wilson Pereira de Lima Filho.<br \/>\nEm sua IV edi\u00e7\u00e3o, o Congresso \u00e9 um evento tradicional do Pa\u00eds no setor da navega\u00e7\u00e3o, que conta com a participa\u00e7\u00e3o de advogados, empresas e representantes do setor p\u00fablico, cujo objetivo \u00e9 debater as quest\u00f5es mais relevantes para o setor.<\/p>\n<p>Dentre os temas abordados, destacaram-se \u201cO Direito como Instrumento e Competitividade no Esp\u00edrito Santo\u201d, \u201cBR do Mar \u2013 Impactos no Transporte de Carga e no Mercado Offshore\u201d, \u201cO Papel do Environmental, Social and Corporate Governance (ESG) e Compliance no Segmento Mar\u00edtimo e Portu\u00e1rio\u201d, \u201cPrivatiza\u00e7\u00e3o das Companhias Docas\u201d, \u201cFuturo do \u00d3rg\u00e3o Gestor de M\u00e3o de Obra (OGMO) no Estado do Esp\u00edrito Santo\u201d, \u201cAdicional de Risco Portu\u00e1rio\u201d e \u201cMecanismo de Contingenciamento e Repara\u00e7\u00e3o da Conven\u00e7\u00e3o Internacional sobre Responsabilidade por Derramamento de \u00d3leo\u201d.<\/p>\n<p>O evento possibilitou ampliar a percep\u00e7\u00e3o e o entendimento dos participantes sobre a import\u00e2ncia de cada setor, promovendo a atualiza\u00e7\u00e3o da sociedade frente aos procedimentos e aos aspectos jur\u00eddicos das atividades relativas \u00e0 navega\u00e7\u00e3o, al\u00e9m de sedimentar os entendimentos sobre a mentalidade mar\u00edtima.<\/p>\n<p>Fonte: Defesa em Foco<\/p>\n","protected":false},"excerpt":{"rendered":"<p>O Capit\u00e3o dos Portos do Esp\u00edrito Santo (CPES) participou, nos dias 5 e 6 de maio, do IV Congresso de Direito Mar\u00edtimo &#038; Portu\u00e1rio ABDM,&#8230;<\/p>\n","protected":false},"author":1527,"featured_media":39196,"comment_status":"closed","ping_status":"closed","sticky":false,"template":"","format":"standard","meta":{"footnotes":""},"categories":[6],"tags":[],"class_list":["post-39195","post","type-post","status-publish","format-standard","has-post-thumbnail","hentry","category-noticias"],"_links":{"self":[{"href":"https:\/\/www.sincomam.org.br\/index.php\/wp-json\/wp\/v2\/posts\/39195","targetHints":{"allow":["GET"]}}],"collection":[{"href":"https:\/\/www.sincomam.org.br\/index.php\/wp-json\/wp\/v2\/posts"}],"about":[{"href":"https:\/\/www.sincomam.org.br\/index.php\/wp-json\/wp\/v2\/types\/post"}],"author":[{"embeddable":true,"href":"https:\/\/www.sincomam.org.br\/index.php\/wp-json\/wp\/v2\/users\/1527"}],"replies":[{"embeddable":true,"href":"https:\/\/www.sincomam.org.br\/index.php\/wp-json\/wp\/v2\/comments?post=39195"}],"version-history":[{"count":1,"href":"https:\/\/www.sincomam.org.br\/index.php\/wp-json\/wp\/v2\/posts\/39195\/revisions"}],"predecessor-version":[{"id":39197,"href":"https:\/\/www.sincomam.org.br\/index.php\/wp-json\/wp\/v2\/posts\/39195\/revisions\/39197"}],"wp:featuredmedia":[{"embeddable":true,"href":"https:\/\/www.sincomam.org.br\/index.php\/wp-json\/wp\/v2\/media\/39196"}],"wp:attachment":[{"href":"https:\/\/www.sincomam.org.br\/index.php\/wp-json\/wp\/v2\/media?parent=39195"}],"wp:term":[{"taxonomy":"category","embeddable":true,"href":"https:\/\/www.sincomam.org.br\/index.php\/wp-json\/wp\/v2\/categories?post=39195"},{"taxonomy":"post_tag","embeddable":true,"href":"https:\/\/www.sincomam.org.br\/index.php\/wp-json\/wp\/v2\/tags?post=39195"}],"curies":[{"name":"wp","href":"https:\/\/api.w.org\/{rel}","templated":true}]}}