{"id":39193,"date":"2022-05-13T09:40:14","date_gmt":"2022-05-13T12:40:14","guid":{"rendered":"http:\/\/www.sincomam.org.br\/?p=39193"},"modified":"2022-05-13T09:40:14","modified_gmt":"2022-05-13T12:40:14","slug":"movimentacao-do-porto-do-rio-de-janeiro-cresce-135-no-1-trimestre","status":"publish","type":"post","link":"https:\/\/www.sincomam.org.br\/index.php\/movimentacao-do-porto-do-rio-de-janeiro-cresce-135-no-1-trimestre\/","title":{"rendered":"Movimenta\u00e7\u00e3o do Porto do Rio de Janeiro cresce 13,5% no 1\u00b0 trimestre"},"content":{"rendered":"<p>O Porto do Rio de Janeiro movimentou 2,4 milh\u00f5es de toneladas de cargas no primeiro trimestre deste ano, superando em 13,5% o volume movimentado no mesmo per\u00edodo de 2021. A informa\u00e7\u00e3o \u00e9 da Companhia Docas do Rio de Janeiro (CDRJ), autoridade portu\u00e1ria respons\u00e1vel pela gest\u00e3o do porto.<\/p>\n<p>A tend\u00eancia observada em meses anteriores de crescimento na movimenta\u00e7\u00e3o de carga conteinerizada no Porto do Rio de Janeiro se manteve no primeiro trimestre, com um acr\u00e9scimo de 27,2% na movimenta\u00e7\u00e3o de cont\u00eaineres, em compara\u00e7\u00e3o ao primeiro trimestre de 2021. Em TEUs, foram movimentados cerca de 128.342, o que representa um crescimento de 30,6%.<\/p>\n<p>Fonte: Portos e Navios<\/p>\n","protected":false},"excerpt":{"rendered":"<p>O Porto do Rio de Janeiro movimentou 2,4 milh\u00f5es de toneladas de cargas no primeiro trimestre deste ano, superando em 13,5% o volume movimentado no&#8230;<\/p>\n","protected":false},"author":1527,"featured_media":38517,"comment_status":"closed","ping_status":"closed","sticky":false,"template":"","format":"standard","meta":{"footnotes":""},"categories":[6],"tags":[],"class_list":["post-39193","post","type-post","status-publish","format-standard","has-post-thumbnail","hentry","category-noticias"],"_links":{"self":[{"href":"https:\/\/www.sincomam.org.br\/index.php\/wp-json\/wp\/v2\/posts\/39193","targetHints":{"allow":["GET"]}}],"collection":[{"href":"https:\/\/www.sincomam.org.br\/index.php\/wp-json\/wp\/v2\/posts"}],"about":[{"href":"https:\/\/www.sincomam.org.br\/index.php\/wp-json\/wp\/v2\/types\/post"}],"author":[{"embeddable":true,"href":"https:\/\/www.sincomam.org.br\/index.php\/wp-json\/wp\/v2\/users\/1527"}],"replies":[{"embeddable":true,"href":"https:\/\/www.sincomam.org.br\/index.php\/wp-json\/wp\/v2\/comments?post=39193"}],"version-history":[{"count":1,"href":"https:\/\/www.sincomam.org.br\/index.php\/wp-json\/wp\/v2\/posts\/39193\/revisions"}],"predecessor-version":[{"id":39194,"href":"https:\/\/www.sincomam.org.br\/index.php\/wp-json\/wp\/v2\/posts\/39193\/revisions\/39194"}],"wp:featuredmedia":[{"embeddable":true,"href":"https:\/\/www.sincomam.org.br\/index.php\/wp-json\/wp\/v2\/media\/38517"}],"wp:attachment":[{"href":"https:\/\/www.sincomam.org.br\/index.php\/wp-json\/wp\/v2\/media?parent=39193"}],"wp:term":[{"taxonomy":"category","embeddable":true,"href":"https:\/\/www.sincomam.org.br\/index.php\/wp-json\/wp\/v2\/categories?post=39193"},{"taxonomy":"post_tag","embeddable":true,"href":"https:\/\/www.sincomam.org.br\/index.php\/wp-json\/wp\/v2\/tags?post=39193"}],"curies":[{"name":"wp","href":"https:\/\/api.w.org\/{rel}","templated":true}]}}