{"id":39172,"date":"2022-05-12T01:33:37","date_gmt":"2022-05-12T04:33:37","guid":{"rendered":"http:\/\/www.sincomam.org.br\/?p=39172"},"modified":"2022-05-12T01:33:37","modified_gmt":"2022-05-12T04:33:37","slug":"porto-de-navegantes-teve-em-2021-o-seu-melhor-ano","status":"publish","type":"post","link":"https:\/\/www.sincomam.org.br\/index.php\/porto-de-navegantes-teve-em-2021-o-seu-melhor-ano\/","title":{"rendered":"Porto de Navegantes teve em 2021 o seu melhor ano"},"content":{"rendered":"<p>Marcado pelo melhor ano da empresa, 2021 entra para a hist\u00f3ria do Porto de Navegantes, em Santa Catarina, desde o in\u00edcio das opera\u00e7\u00f5es, h\u00e1 quase 15 anos. Os esfor\u00e7os, que levaram aos bons resultados de todas as \u00e1reas da empresa, foram divulgados no Relat\u00f3rio de Sustentabilidade 2021. O documento anual engloba o desempenho da companhia em todas as \u00e1reas.<\/p>\n<p>Foi conquistado, pela primeira vez, o marco do milh\u00e3o no mesmo ano, com 1,1 de TEUs movimentados. A contribui\u00e7\u00e3o do Imposto Sobre Servi\u00e7os (ISS) para o munic\u00edpio de Navegantes foi de 42% em 2021. O terminal seguiu l\u00edder em market share na regi\u00e3o Sul, com 31%. Somente em Santa Catarina, a fatia chegou a 51%.<\/p>\n<p>\u201cDesde o in\u00edcio das nossas atividades, temos a sustentabilidade como um dos valores da Portonave. No ano de 2021, avan\u00e7amos na estrat\u00e9gia ASG (Ambiental, Social e Governan\u00e7a) com o fortalecimento do nosso Comit\u00ea de Sustentabilidade, envolvendo diversos profissionais, todos juntos na busca pela consolida\u00e7\u00e3o ainda mais efetiva \u00e0 Agenda 2030. O Relat\u00f3rio apresenta esses e outros avan\u00e7os e estamos bastante satisfeitos com os resultados\u201d, pontua a analista de Responsabilidade Social, Ellen Garcia.<\/p>\n<p>Em 2021, o terminal realizou um investimento de R$ 5,3 milh\u00f5es em equipamentos, consultorias e novas tecnologias. R$ 1,4 milh\u00e3o na \u00e1rea foram investidos na \u00e1rea de sustentabilidade, englobando a\u00e7\u00f5es de consumos de \u00e1gua e energia, res\u00edduos gerados e destinados para disposi\u00e7\u00e3o final, emiss\u00f5es atmosf\u00e9ricas, seguran\u00e7a com o armazenamento de cargas perigosas.<\/p>\n<p>Fonte: Portos e Navios<\/p>\n","protected":false},"excerpt":{"rendered":"<p>Marcado pelo melhor ano da empresa, 2021 entra para a hist\u00f3ria do Porto de Navegantes, em Santa Catarina, desde o in\u00edcio das opera\u00e7\u00f5es, h\u00e1 quase&#8230;<\/p>\n","protected":false},"author":1527,"featured_media":39173,"comment_status":"closed","ping_status":"closed","sticky":false,"template":"","format":"standard","meta":{"footnotes":""},"categories":[6],"tags":[],"class_list":["post-39172","post","type-post","status-publish","format-standard","has-post-thumbnail","hentry","category-noticias"],"_links":{"self":[{"href":"https:\/\/www.sincomam.org.br\/index.php\/wp-json\/wp\/v2\/posts\/39172","targetHints":{"allow":["GET"]}}],"collection":[{"href":"https:\/\/www.sincomam.org.br\/index.php\/wp-json\/wp\/v2\/posts"}],"about":[{"href":"https:\/\/www.sincomam.org.br\/index.php\/wp-json\/wp\/v2\/types\/post"}],"author":[{"embeddable":true,"href":"https:\/\/www.sincomam.org.br\/index.php\/wp-json\/wp\/v2\/users\/1527"}],"replies":[{"embeddable":true,"href":"https:\/\/www.sincomam.org.br\/index.php\/wp-json\/wp\/v2\/comments?post=39172"}],"version-history":[{"count":1,"href":"https:\/\/www.sincomam.org.br\/index.php\/wp-json\/wp\/v2\/posts\/39172\/revisions"}],"predecessor-version":[{"id":39174,"href":"https:\/\/www.sincomam.org.br\/index.php\/wp-json\/wp\/v2\/posts\/39172\/revisions\/39174"}],"wp:featuredmedia":[{"embeddable":true,"href":"https:\/\/www.sincomam.org.br\/index.php\/wp-json\/wp\/v2\/media\/39173"}],"wp:attachment":[{"href":"https:\/\/www.sincomam.org.br\/index.php\/wp-json\/wp\/v2\/media?parent=39172"}],"wp:term":[{"taxonomy":"category","embeddable":true,"href":"https:\/\/www.sincomam.org.br\/index.php\/wp-json\/wp\/v2\/categories?post=39172"},{"taxonomy":"post_tag","embeddable":true,"href":"https:\/\/www.sincomam.org.br\/index.php\/wp-json\/wp\/v2\/tags?post=39172"}],"curies":[{"name":"wp","href":"https:\/\/api.w.org\/{rel}","templated":true}]}}