{"id":39156,"date":"2022-05-11T10:50:58","date_gmt":"2022-05-11T13:50:58","guid":{"rendered":"http:\/\/www.sincomam.org.br\/?p=39156"},"modified":"2022-05-11T10:50:58","modified_gmt":"2022-05-11T13:50:58","slug":"membros-da-autoridade-portuaria-e-secretaria-de-turismo-reunem-se-para-discutir-sobre-a-maior-temporada-de-transatlanticos-em-itajai","status":"publish","type":"post","link":"https:\/\/www.sincomam.org.br\/index.php\/membros-da-autoridade-portuaria-e-secretaria-de-turismo-reunem-se-para-discutir-sobre-a-maior-temporada-de-transatlanticos-em-itajai\/","title":{"rendered":"MEMBROS DA AUTORIDADE PORTU\u00c1RIA E SECRETARIA DE TURISMO RE\u00daNEM-SE PARA DISCUTIR SOBRE A MAIOR TEMPORADA DE TRANSATL\u00c2NTICOS EM ITAJA\u00cd"},"content":{"rendered":"<p>Nesta ter\u00e7a-feira, 10, aconteceu na sede da Autoridade Portu\u00e1ria de Itaja\u00ed, um importante encontro entre representantes da diretoria da Superintend\u00eancia do Porto de Itaja\u00ed e Secretaria Municipal de Turismo e Eventos da Prefeitura de Itaja\u00ed.<\/p>\n<p>Em pauta, destaque para os preparativos gerais quanto a pr\u00f3xima temporada de cruzeiros mar\u00edtimos (2022\/2023), que ir\u00e3o atracar no porto p\u00fablico (ber\u00e7os 03 e 04), e tamb\u00e9m quanto a efetiva\u00e7\u00e3o do alfandegamento do Centreventos (pavilh\u00e3o central da Marejada), como local oficial e dispon\u00edvel para embarques e desembarques de passageiros.<\/p>\n<p>O P\u00eder de atraca\u00e7\u00f5es tur\u00edsticas, Guilherme Asseburg, localizado no centro de Itaja\u00ed, sempre foi \u00fatil para os trabalhos de receptivo de navios e passageiros, por\u00e9m, nos \u00faltimos anos, os transatl\u00e2nticos ficaram muito maiores, tanto nas propor\u00e7\u00f5es de tamanho das embarca\u00e7\u00f5es, como tamb\u00e9m no transporte de passageiros, alguns passando de mais de 5 mil pessoas a bordo.<\/p>\n<p>Para o Superintendente do Porto de Itaja\u00ed, F\u00e1bio da Veiga, utilizar o espa\u00e7o f\u00edsico do Centreventos \u00e9 crucial para as pr\u00f3ximas temporadas de cruzeiros em Itaja\u00ed:<\/p>\n<p>\u201cIsso demonstra realmente uma equipe de governo, onde cada participante est\u00e1 disposto a executar, a sempre trabalhar um pouco mais, afim de priorizar o destino da cidade. O nosso atual p\u00eder de passageiros, em virtude do tamanho dos navios, se mostra insuficiente pela grande quantidade de pessoas. Nos \u00faltimos anos, viemos utilizando o Centreventos como apoio, mas \u00e9 um processo que j\u00e1 passou pela ANTAQ, e agora pretendemos alfandegar, trazendo ainda mais comodidade e conforto para os passageiros, que ir\u00e3o embarcar ou desembarcar. Isso tudo, fomentando n\u00e3o somente a Atividade Portu\u00e1ria, mas principalmente o turismo na cidade\u201d, destaca F\u00e1bio.<\/p>\n<p>Durante o encontro, tamb\u00e9m foram apresentadas as plantas quanto aos espa\u00e7os a serem ocupados nas depend\u00eancias internas e externas do Centreventos, objetivando as respectivas separa\u00e7\u00f5es de embarque e desembarque, entre outras frentes de trabalho no receptivo de passageiros.<\/p>\n<p>Evandro Neiva Oliveira, Secret\u00e1rio Municipal de Turismo e Eventos, est\u00e1 otimista em rela\u00e7\u00e3o as expectativas para a pr\u00f3xima temporada de cruzeiros em Itaja\u00ed, considerando desde ent\u00e3o, a maior temporada de transatl\u00e2nticos que ir\u00e1 ocorrer no munic\u00edpio:<\/p>\n<p>\u201cTivemos hoje a primeira reuni\u00e3o de muitas sobre a temporada de cruzeiros 2022\/2023, observando que esta ser\u00e1 a maior temporada que Itaja\u00ed ir\u00e1 receber, entre n\u00fameros de escalas e passageiros. Ser\u00e3o mais de 110 mil passageiros entre embarque, desembarque e tr\u00e2nsito, que ir\u00e3o ocupar uma nova estrutura do Centreventos. Ser\u00e3o mais de 23 escalas, e a colabora\u00e7\u00e3o do Porto \u00e9 essencial para que isso possa acontecer de uma maneira in\u00e9dita, vamos entrar com um processo de alfandegamento de toda a \u00e1rea do Centreventos, para que toda a opera\u00e7\u00e3o seja feita no local. O navio atracar\u00e1 no Porto de Itaja\u00ed, mas toda a opera\u00e7\u00e3o ser\u00e1 realizada no Centreventos, at\u00e9 ent\u00e3o, nunca havia sido realizado algo dessa propor\u00e7\u00e3o na cidade, iremos embarcar entre novecentas e duas mil pessoas, por escala. Na pr\u00f3xima semana acontecer\u00e1 o pr\u00f3ximo encontro, com os \u00f3rg\u00e3os intervenientes nesta parte de alfandegamento\u201d, conclui Evandro.<\/p>\n<p>No \u00faltimo m\u00eas de abril, a temporada de cruzeiros em Itaja\u00ed encerrou com um total de 13.133 passageiros que transitaram pelo munic\u00edpio durante nove escalas dos navios Costa Diadema e Costa Fascinosa, que come\u00e7aram em dezembro do ano passado. O impacto econ\u00f4mico na cidade com a vinda dos transatl\u00e2nticos foi estimado em mais de R$ 4 milh\u00f5es.<\/p>\n<p>A pr\u00f3xima temporada de cruzeiros em Itaja\u00ed promete ser mais extensa, com navios da MSC e Costa realizando embarques e desembarques. O in\u00edcio est\u00e1 previsto para 10 de dezembro de 2022. As escalas ser\u00e3o prolongadas at\u00e9 fevereiro de 2023.<\/p>\n<p><strong>COVID-19<\/strong><\/p>\n<p>As escalas de transatl\u00e2nticos no Porto de Itaja\u00ed seguem como padr\u00e3o todos os processos de acompanhamento e controle em rela\u00e7\u00e3o \u00e0 pandemia (Covid-19), como vacina\u00e7\u00e3o obrigat\u00f3ria, teste pr\u00e9-embarque e dentro do navio. Em todas as atraca\u00e7\u00f5es durante a temporada 2021\/2022, foram realizados monitoramentos das embarca\u00e7\u00f5es por parte da Anvisa e dos \u00f3rg\u00e3os de Vigil\u00e2ncia Epidemiol\u00f3gica estadual e municipal.<\/p>\n","protected":false},"excerpt":{"rendered":"<p>Nesta ter\u00e7a-feira, 10, aconteceu na sede da Autoridade Portu\u00e1ria de Itaja\u00ed, um importante encontro entre representantes da diretoria da Superintend\u00eancia do Porto de Itaja\u00ed e&#8230;<\/p>\n","protected":false},"author":1527,"featured_media":39157,"comment_status":"closed","ping_status":"closed","sticky":false,"template":"","format":"standard","meta":{"footnotes":""},"categories":[6],"tags":[],"class_list":["post-39156","post","type-post","status-publish","format-standard","has-post-thumbnail","hentry","category-noticias"],"_links":{"self":[{"href":"https:\/\/www.sincomam.org.br\/index.php\/wp-json\/wp\/v2\/posts\/39156","targetHints":{"allow":["GET"]}}],"collection":[{"href":"https:\/\/www.sincomam.org.br\/index.php\/wp-json\/wp\/v2\/posts"}],"about":[{"href":"https:\/\/www.sincomam.org.br\/index.php\/wp-json\/wp\/v2\/types\/post"}],"author":[{"embeddable":true,"href":"https:\/\/www.sincomam.org.br\/index.php\/wp-json\/wp\/v2\/users\/1527"}],"replies":[{"embeddable":true,"href":"https:\/\/www.sincomam.org.br\/index.php\/wp-json\/wp\/v2\/comments?post=39156"}],"version-history":[{"count":1,"href":"https:\/\/www.sincomam.org.br\/index.php\/wp-json\/wp\/v2\/posts\/39156\/revisions"}],"predecessor-version":[{"id":39158,"href":"https:\/\/www.sincomam.org.br\/index.php\/wp-json\/wp\/v2\/posts\/39156\/revisions\/39158"}],"wp:featuredmedia":[{"embeddable":true,"href":"https:\/\/www.sincomam.org.br\/index.php\/wp-json\/wp\/v2\/media\/39157"}],"wp:attachment":[{"href":"https:\/\/www.sincomam.org.br\/index.php\/wp-json\/wp\/v2\/media?parent=39156"}],"wp:term":[{"taxonomy":"category","embeddable":true,"href":"https:\/\/www.sincomam.org.br\/index.php\/wp-json\/wp\/v2\/categories?post=39156"},{"taxonomy":"post_tag","embeddable":true,"href":"https:\/\/www.sincomam.org.br\/index.php\/wp-json\/wp\/v2\/tags?post=39156"}],"curies":[{"name":"wp","href":"https:\/\/api.w.org\/{rel}","templated":true}]}}