{"id":39153,"date":"2022-05-11T10:47:15","date_gmt":"2022-05-11T13:47:15","guid":{"rendered":"http:\/\/www.sincomam.org.br\/?p=39153"},"modified":"2022-05-11T10:47:15","modified_gmt":"2022-05-11T13:47:15","slug":"aliquotas-de-tarifas-do-mercosul-podem-ter-nova-reducao","status":"publish","type":"post","link":"https:\/\/www.sincomam.org.br\/index.php\/aliquotas-de-tarifas-do-mercosul-podem-ter-nova-reducao\/","title":{"rendered":"AL\u00cdQUOTAS DE TARIFAS DO MERCOSUL PODEM TER NOVA REDU\u00c7\u00c3O"},"content":{"rendered":"<p>Al\u00e9m de zerar o imposto para os 11 produtos que pressionam a infla\u00e7\u00e3o, o governo brasileiro tamb\u00e9m estuda uma nova redu\u00e7\u00e3o nas tarifas cobradas para importa\u00e7\u00f5es de fora do Mercosul. Pelas regras do bloco, Brasil, Argentina, Paraguai e Uruguai deveriam cobrar uma mesma al\u00edquota de importa\u00e7\u00e3o \u2013 a Tarifa Externa Comum (TEC) -, salvo exce\u00e7\u00f5es negociadas.<\/p>\n<p>Depois de tentar que o bloco todo baixasse as al\u00edquotas em geral, sem sucesso, o Brasil resolveu fazer o movimento unilateralmente no ano passado.<\/p>\n<p>Em novembro, os minist\u00e9rios da Economia e das Rela\u00e7\u00f5es Exteriores anunciaram a redu\u00e7\u00e3o em 10% das al\u00edquotas de 87% da pauta comercial, mantendo de fora bens como autom\u00f3veis e sucroalcooleiros, que j\u00e1 t\u00eam tratamento diferenciado pelo bloco.<\/p>\n<p>Pelas regras do Mercosul, a TEC s\u00f3 poderia ser alterada em comum acordo pelos quatro pa\u00edses. Mas o Brasil deve, novamente, recorrer a um dispositivo que permite a ado\u00e7\u00e3o de medidas voltadas \u00e0 \u201cprote\u00e7\u00e3o da vida e da sa\u00fade das pessoas\u201d.<\/p>\n<p>Em novembro, o governo brasileiro justificou a medida ap\u00f3s a alta de pre\u00e7os gerada com a pandemia do coronav\u00edrus. Agora, a justificativa \u00e9 de que a guerra no Leste Europeu tem sido respons\u00e1vel pelo aumento global dos pre\u00e7os, o que permitiria o corte de tarifas.<\/p>\n<p>Desde que assumiu, em 2019, o ministro da Economia, Paulo Guedes, defende uma redu\u00e7\u00e3o da TEC como forma de abrir o mercado brasileiro e integrar a produ\u00e7\u00e3o interna a outras cadeias produtivas.<\/p>\n<p>Fonte: O Estado de S. Paulo.<\/p>\n","protected":false},"excerpt":{"rendered":"<p>Al\u00e9m de zerar o imposto para os 11 produtos que pressionam a infla\u00e7\u00e3o, o governo brasileiro tamb\u00e9m estuda uma nova redu\u00e7\u00e3o nas tarifas cobradas para&#8230;<\/p>\n","protected":false},"author":1527,"featured_media":39154,"comment_status":"closed","ping_status":"closed","sticky":false,"template":"","format":"standard","meta":{"footnotes":""},"categories":[6],"tags":[],"class_list":["post-39153","post","type-post","status-publish","format-standard","has-post-thumbnail","hentry","category-noticias"],"_links":{"self":[{"href":"https:\/\/www.sincomam.org.br\/index.php\/wp-json\/wp\/v2\/posts\/39153","targetHints":{"allow":["GET"]}}],"collection":[{"href":"https:\/\/www.sincomam.org.br\/index.php\/wp-json\/wp\/v2\/posts"}],"about":[{"href":"https:\/\/www.sincomam.org.br\/index.php\/wp-json\/wp\/v2\/types\/post"}],"author":[{"embeddable":true,"href":"https:\/\/www.sincomam.org.br\/index.php\/wp-json\/wp\/v2\/users\/1527"}],"replies":[{"embeddable":true,"href":"https:\/\/www.sincomam.org.br\/index.php\/wp-json\/wp\/v2\/comments?post=39153"}],"version-history":[{"count":1,"href":"https:\/\/www.sincomam.org.br\/index.php\/wp-json\/wp\/v2\/posts\/39153\/revisions"}],"predecessor-version":[{"id":39155,"href":"https:\/\/www.sincomam.org.br\/index.php\/wp-json\/wp\/v2\/posts\/39153\/revisions\/39155"}],"wp:featuredmedia":[{"embeddable":true,"href":"https:\/\/www.sincomam.org.br\/index.php\/wp-json\/wp\/v2\/media\/39154"}],"wp:attachment":[{"href":"https:\/\/www.sincomam.org.br\/index.php\/wp-json\/wp\/v2\/media?parent=39153"}],"wp:term":[{"taxonomy":"category","embeddable":true,"href":"https:\/\/www.sincomam.org.br\/index.php\/wp-json\/wp\/v2\/categories?post=39153"},{"taxonomy":"post_tag","embeddable":true,"href":"https:\/\/www.sincomam.org.br\/index.php\/wp-json\/wp\/v2\/tags?post=39153"}],"curies":[{"name":"wp","href":"https:\/\/api.w.org\/{rel}","templated":true}]}}