{"id":39133,"date":"2022-05-10T10:39:00","date_gmt":"2022-05-10T13:39:00","guid":{"rendered":"http:\/\/www.sincomam.org.br\/?p=39133"},"modified":"2022-05-10T10:39:00","modified_gmt":"2022-05-10T13:39:00","slug":"o-peso-da-inflacao-apos-comprar-cesta-basica-brasileiro-fica-com-r-7400-do-salario-minimo","status":"publish","type":"post","link":"https:\/\/www.sincomam.org.br\/index.php\/o-peso-da-inflacao-apos-comprar-cesta-basica-brasileiro-fica-com-r-7400-do-salario-minimo\/","title":{"rendered":"O peso da infla\u00e7\u00e3o: Ap\u00f3s comprar cesta b\u00e1sica, brasileiro fica com R$ 74,00 do sal\u00e1rio m\u00ednimo"},"content":{"rendered":"<p>Com o m\u00eas de mar\u00e7o registrando o maior \u00edndice de infla\u00e7\u00e3o para o per\u00edodo desde 1994, o brasileiro viu seu poder de compra cada vez mais corro\u00eddo.<\/p>\n<p>Segundo o c\u00e1lculo apontado por Sergio Lamucci, editor executivo do &#8220;Valor Econ\u00f4mico&#8221; em entrevista ao podcast O Assunto, atualmente sobram apenas R$ 74 do sal\u00e1rio m\u00ednimo ap\u00f3s a compra de uma cesta b\u00e1sica, e pela pr\u00e9via do IPCA-15, com a infla\u00e7\u00e3o disseminada, deve sobrar ainda menos nos pr\u00f3ximos meses.<\/p>\n<p>\u201cNo IPCA 15 de abril, 78% dos itens subiram. \u00c9 o mais alto desde fevereiro de 2003. Ou seja, a infla\u00e7\u00e3o est\u00e1 disseminada, os servi\u00e7os est\u00e3o subindo, os bens industriais est\u00e3o subindo. \u00c9 uma infla\u00e7\u00e3o que n\u00e3o se restringe ao alimento, e esse \u00e9 o maior drama de hoje\u201d, explica Lamucci.<\/p>\n<p>Para o editor do &#8220;Valor Econ\u00f4mico&#8221;, a corros\u00e3o do poder de compra \u00e9 \u201co calcanhar de Aquiles\u201d do governo Bolsonaro nas elei\u00e7\u00f5es de 2022 \u2013 o primeiro a completar o mandato com o valor do sal\u00e1rio m\u00ednimo mais baixo do que quando iniciou. Segundo Lamucci, isso indicaria as manobras do presidente \u201cpara tirar o foco da economia.\u201d<\/p>\n<p>\u201cIsso ajuda a explicar porque essa tentativa de se descolar da responsabilidade pelo aumento do pre\u00e7o dos combust\u00edveis. Agora, o eleitor costuma identificar a infla\u00e7\u00e3o com quem est\u00e1 no poder. Isso \u00e9 o que assusta o presidente, ent\u00e3o ele tenta fazer esse malabarismo de afastar qualquer responsabilidade pelo que ocorre com os pre\u00e7os dos combust\u00edveis.\u201d<\/p>\n<p>Fonte: G1<\/p>\n","protected":false},"excerpt":{"rendered":"<p>Com o m\u00eas de mar\u00e7o registrando o maior \u00edndice de infla\u00e7\u00e3o para o per\u00edodo desde 1994, o brasileiro viu seu poder de compra cada vez&#8230;<\/p>\n","protected":false},"author":1527,"featured_media":39134,"comment_status":"closed","ping_status":"closed","sticky":false,"template":"","format":"standard","meta":{"footnotes":""},"categories":[6],"tags":[],"class_list":["post-39133","post","type-post","status-publish","format-standard","has-post-thumbnail","hentry","category-noticias"],"_links":{"self":[{"href":"https:\/\/www.sincomam.org.br\/index.php\/wp-json\/wp\/v2\/posts\/39133","targetHints":{"allow":["GET"]}}],"collection":[{"href":"https:\/\/www.sincomam.org.br\/index.php\/wp-json\/wp\/v2\/posts"}],"about":[{"href":"https:\/\/www.sincomam.org.br\/index.php\/wp-json\/wp\/v2\/types\/post"}],"author":[{"embeddable":true,"href":"https:\/\/www.sincomam.org.br\/index.php\/wp-json\/wp\/v2\/users\/1527"}],"replies":[{"embeddable":true,"href":"https:\/\/www.sincomam.org.br\/index.php\/wp-json\/wp\/v2\/comments?post=39133"}],"version-history":[{"count":1,"href":"https:\/\/www.sincomam.org.br\/index.php\/wp-json\/wp\/v2\/posts\/39133\/revisions"}],"predecessor-version":[{"id":39135,"href":"https:\/\/www.sincomam.org.br\/index.php\/wp-json\/wp\/v2\/posts\/39133\/revisions\/39135"}],"wp:featuredmedia":[{"embeddable":true,"href":"https:\/\/www.sincomam.org.br\/index.php\/wp-json\/wp\/v2\/media\/39134"}],"wp:attachment":[{"href":"https:\/\/www.sincomam.org.br\/index.php\/wp-json\/wp\/v2\/media?parent=39133"}],"wp:term":[{"taxonomy":"category","embeddable":true,"href":"https:\/\/www.sincomam.org.br\/index.php\/wp-json\/wp\/v2\/categories?post=39133"},{"taxonomy":"post_tag","embeddable":true,"href":"https:\/\/www.sincomam.org.br\/index.php\/wp-json\/wp\/v2\/tags?post=39133"}],"curies":[{"name":"wp","href":"https:\/\/api.w.org\/{rel}","templated":true}]}}