{"id":39125,"date":"2022-05-10T10:32:47","date_gmt":"2022-05-10T13:32:47","guid":{"rendered":"http:\/\/www.sincomam.org.br\/?p=39125"},"modified":"2022-05-10T10:35:37","modified_gmt":"2022-05-10T13:35:37","slug":"mundo-pode-ter-aquecimento-de-15c-ate-2026","status":"publish","type":"post","link":"https:\/\/www.sincomam.org.br\/index.php\/mundo-pode-ter-aquecimento-de-15c-ate-2026\/","title":{"rendered":"Mundo pode ter aquecimento de 1,5\u00b0C at\u00e9 2026"},"content":{"rendered":"<p>O mundo enfrenta 50% de chance de registrar aquecimento de 1,5 grau Celsius acima dos n\u00edveis pr\u00e9-industriais at\u00e9 2026, alertou nessa segunda-feira (9) a Organiza\u00e7\u00e3o Meteorol\u00f3gica Mundial (OMM).<\/p>\n<p>Isso n\u00e3o significa que o mundo estaria cruzando o limite de aquecimento de longo prazo de 1,5\u00b0C, que os cientistas estabeleceram como teto para evitar mudan\u00e7as clim\u00e1ticas catastr\u00f3ficas.<\/p>\n<p>Mas um ano de aquecimento em 1,5\u00b0C pode oferecer amostra de como seria cruzar esse limite de longo prazo, afirmou a ag\u00eancia da ONU.<\/p>\n<p>&#8220;Estamos chegando mais perto de atingir temporariamente a meta mais baixa do Acordo de Paris&#8221;, disse o secret\u00e1rio-geral da OMM, Petteri Taalas, referindo-se aos acordos clim\u00e1ticos adotados em 2015.<\/p>\n<p>A probabilidade de exceder 1,5\u00b0C por curto per\u00edodo vem aumentando desde 2015, com cientistas em 2020 estimando chance de 20% e revisando, no ano passado, para at\u00e9 40%. Mesmo um ano com 1,5\u00b0C de aquecimento pode ter impactos terr\u00edveis, como matar muitos dos recifes de coral do mundo e diminuir a cobertura de gelo do Mar \u00c1rtico.<\/p>\n<p>Em termos de m\u00e9dia de longo prazo, a temperatura m\u00e9dia global \u00e9 agora cerca de 1,1\u00b0C mais quente do que a m\u00e9dia pr\u00e9-industrial.<\/p>\n<p>\u201cPerdas e danos associados ou exacerbados pelas mudan\u00e7as clim\u00e1ticas j\u00e1 est\u00e3o ocorrendo, alguns deles provavelmente irrevers\u00edveis no futuro pr\u00f3ximo\u201d, disse Maxx Dilley, vice-diretor de clima da OMM.<\/p>\n<p>Fonte: Ag\u00eancia Brasil<\/p>\n","protected":false},"excerpt":{"rendered":"<p>O mundo enfrenta 50% de chance de registrar aquecimento de 1,5 grau Celsius acima dos n\u00edveis pr\u00e9-industriais at\u00e9 2026, alertou nessa segunda-feira (9) a Organiza\u00e7\u00e3o&#8230;<\/p>\n","protected":false},"author":1527,"featured_media":39126,"comment_status":"closed","ping_status":"closed","sticky":false,"template":"","format":"standard","meta":{"footnotes":""},"categories":[6],"tags":[],"class_list":["post-39125","post","type-post","status-publish","format-standard","has-post-thumbnail","hentry","category-noticias"],"_links":{"self":[{"href":"https:\/\/www.sincomam.org.br\/index.php\/wp-json\/wp\/v2\/posts\/39125","targetHints":{"allow":["GET"]}}],"collection":[{"href":"https:\/\/www.sincomam.org.br\/index.php\/wp-json\/wp\/v2\/posts"}],"about":[{"href":"https:\/\/www.sincomam.org.br\/index.php\/wp-json\/wp\/v2\/types\/post"}],"author":[{"embeddable":true,"href":"https:\/\/www.sincomam.org.br\/index.php\/wp-json\/wp\/v2\/users\/1527"}],"replies":[{"embeddable":true,"href":"https:\/\/www.sincomam.org.br\/index.php\/wp-json\/wp\/v2\/comments?post=39125"}],"version-history":[{"count":2,"href":"https:\/\/www.sincomam.org.br\/index.php\/wp-json\/wp\/v2\/posts\/39125\/revisions"}],"predecessor-version":[{"id":39132,"href":"https:\/\/www.sincomam.org.br\/index.php\/wp-json\/wp\/v2\/posts\/39125\/revisions\/39132"}],"wp:featuredmedia":[{"embeddable":true,"href":"https:\/\/www.sincomam.org.br\/index.php\/wp-json\/wp\/v2\/media\/39126"}],"wp:attachment":[{"href":"https:\/\/www.sincomam.org.br\/index.php\/wp-json\/wp\/v2\/media?parent=39125"}],"wp:term":[{"taxonomy":"category","embeddable":true,"href":"https:\/\/www.sincomam.org.br\/index.php\/wp-json\/wp\/v2\/categories?post=39125"},{"taxonomy":"post_tag","embeddable":true,"href":"https:\/\/www.sincomam.org.br\/index.php\/wp-json\/wp\/v2\/tags?post=39125"}],"curies":[{"name":"wp","href":"https:\/\/api.w.org\/{rel}","templated":true}]}}