{"id":39122,"date":"2022-05-10T10:31:46","date_gmt":"2022-05-10T13:31:46","guid":{"rendered":"http:\/\/www.sincomam.org.br\/?p=39122"},"modified":"2022-05-10T10:31:46","modified_gmt":"2022-05-10T13:31:46","slug":"rio-vacina-contra-gripe-pessoas-de-grupos-prioritarios-de-50-a-59-anos","status":"publish","type":"post","link":"https:\/\/www.sincomam.org.br\/index.php\/rio-vacina-contra-gripe-pessoas-de-grupos-prioritarios-de-50-a-59-anos\/","title":{"rendered":"Rio vacina contra gripe pessoas de grupos priorit\u00e1rios de 50 a 59 anos"},"content":{"rendered":"<p>A cidade do Rio de Janeiro come\u00e7ou a vacinar nesta segunda-feira (9) contra a gripe grupos priorit\u00e1rios de 50 a 59 e trabalhadores da sa\u00fade. A vacina\u00e7\u00e3o dessa faixa et\u00e1ria ocorre at\u00e9 o pr\u00f3ximo s\u00e1bado (14). Tamb\u00e9m poder\u00e3o ser imunizadas pessoas de grupos inclu\u00eddos nas semanas anteriores.<\/p>\n<p>A Secretaria Municipal de Sa\u00fade (SMS) divulgou nota em que chama a aten\u00e7\u00e3o para a baixa ades\u00e3o \u00e0 vacina\u00e7\u00e3o, mesmo com a proximidade do inverno. As infec\u00e7\u00f5es respirat\u00f3rias, como a gripe, se disseminam com maior frequ\u00eancia em temperaturas mais baixas e ambientes menos ventilados.<\/p>\n<p>De acordo com o observat\u00f3rio epidemiol\u00f3gico da cidade, apenas 39% dos idosos a partir de 60 anos e 17% das crian\u00e7as entre 6 meses e 4 anos de idade foram vacinados at\u00e9 agora. A SMS refor\u00e7a a gravidade da doen\u00e7a, que pode levar \u00e0 morte.<\/p>\n<p>A campanha contra a gripe termina no dia 3 de junho.<\/p>\n<p>Na pr\u00f3xima semana, ser\u00e3o imunizados os grupos priorit\u00e1rios com idade entre 40 e 49 anos. S\u00e3o considerados grupos priorit\u00e1rios quilombolas e comunidades ind\u00edgenas, popula\u00e7\u00e3o privada de liberdade, pessoas com defici\u00eancia permanente, com doen\u00e7as cr\u00f4nicas n\u00e3o transmiss\u00edveis e outras condi\u00e7\u00f5es cl\u00ednicas especiais, al\u00e9m de trabalhadores da educa\u00e7\u00e3o, do sistema prisional, das for\u00e7as de seguran\u00e7a e salvamento, portu\u00e1rios, empregados no transporte rodovi\u00e1rio de passageiros urbano e de longo curso, caminhoneiros e integrantes das For\u00e7as Armadas.<\/p>\n<p>A SMS ressalta que n\u00e3o h\u00e1 necessidade de intervalo entre a vacina contra a gripe e a vacina contra a covid-19, a n\u00e3o ser para crian\u00e7as de 5 a 11 anos com comorbidades. Nesses casos, ser\u00e1 preciso aguardar um per\u00edodo de 14 dias entre as vacinas.<\/p>\n<p>Pessoas que tiveram covid-19 devem aguardar pelo menos quatro semanas ap\u00f3s o in\u00edcio dos sintomas ou do teste positivo, nos casos assintom\u00e1ticos, para poder se vacinar. Caso a pessoa esteja com sintomas sugestivos de covid-19, a secretaria recomenda que procure uma unidade de sa\u00fade para fazer o teste e adie a vacina\u00e7\u00e3o contra a gripe at\u00e9 a recupera\u00e7\u00e3o cl\u00ednica total.<\/p>\n<p>Fonte: Ag\u00eancia Brasil<\/p>\n","protected":false},"excerpt":{"rendered":"<p>A cidade do Rio de Janeiro come\u00e7ou a vacinar nesta segunda-feira (9) contra a gripe grupos priorit\u00e1rios de 50 a 59 e trabalhadores da sa\u00fade&#8230;.<\/p>\n","protected":false},"author":1527,"featured_media":39123,"comment_status":"closed","ping_status":"closed","sticky":false,"template":"","format":"standard","meta":{"footnotes":""},"categories":[6],"tags":[],"class_list":["post-39122","post","type-post","status-publish","format-standard","has-post-thumbnail","hentry","category-noticias"],"_links":{"self":[{"href":"https:\/\/www.sincomam.org.br\/index.php\/wp-json\/wp\/v2\/posts\/39122","targetHints":{"allow":["GET"]}}],"collection":[{"href":"https:\/\/www.sincomam.org.br\/index.php\/wp-json\/wp\/v2\/posts"}],"about":[{"href":"https:\/\/www.sincomam.org.br\/index.php\/wp-json\/wp\/v2\/types\/post"}],"author":[{"embeddable":true,"href":"https:\/\/www.sincomam.org.br\/index.php\/wp-json\/wp\/v2\/users\/1527"}],"replies":[{"embeddable":true,"href":"https:\/\/www.sincomam.org.br\/index.php\/wp-json\/wp\/v2\/comments?post=39122"}],"version-history":[{"count":1,"href":"https:\/\/www.sincomam.org.br\/index.php\/wp-json\/wp\/v2\/posts\/39122\/revisions"}],"predecessor-version":[{"id":39124,"href":"https:\/\/www.sincomam.org.br\/index.php\/wp-json\/wp\/v2\/posts\/39122\/revisions\/39124"}],"wp:featuredmedia":[{"embeddable":true,"href":"https:\/\/www.sincomam.org.br\/index.php\/wp-json\/wp\/v2\/media\/39123"}],"wp:attachment":[{"href":"https:\/\/www.sincomam.org.br\/index.php\/wp-json\/wp\/v2\/media?parent=39122"}],"wp:term":[{"taxonomy":"category","embeddable":true,"href":"https:\/\/www.sincomam.org.br\/index.php\/wp-json\/wp\/v2\/categories?post=39122"},{"taxonomy":"post_tag","embeddable":true,"href":"https:\/\/www.sincomam.org.br\/index.php\/wp-json\/wp\/v2\/tags?post=39122"}],"curies":[{"name":"wp","href":"https:\/\/api.w.org\/{rel}","templated":true}]}}