{"id":39117,"date":"2022-05-09T08:20:07","date_gmt":"2022-05-09T11:20:07","guid":{"rendered":"http:\/\/www.sincomam.org.br\/?p=39117"},"modified":"2022-05-08T22:48:07","modified_gmt":"2022-05-09T01:48:07","slug":"comandante-da-marinha-ira-inaugurar-monumento-em-homenagem-ao-almirante-tamandare-essa-semana-em-maceio","status":"publish","type":"post","link":"https:\/\/www.sincomam.org.br\/index.php\/comandante-da-marinha-ira-inaugurar-monumento-em-homenagem-ao-almirante-tamandare-essa-semana-em-maceio\/","title":{"rendered":"Comandante da Marinha ir\u00e1 inaugurar monumento em homenagem ao Almirante Tamandar\u00e9 essa semana, em Macei\u00f3"},"content":{"rendered":"<p>A Capitania dos Portos de Alagoas (CPAL) vai inaugurar, no dia 12 de maio, um monumento em homenagem ao Almirante Tamandar\u00e9, na orla da Ponta Verde, em Macei\u00f3 (AL). A a\u00e7\u00e3o faz parte de uma s\u00e9rie de atividades promovidas pela Marinha do Brasil ao longo deste ano para comemorar o bicenten\u00e1rio da independ\u00eancia do pa\u00eds.<\/p>\n<p>Durante o dia ocorrer\u00e1 tamb\u00e9m uma A\u00e7\u00e3o C\u00edvico-Social na Escola Estadual Professor Virginio de Campos, na qual ser\u00e3o realizados atendimentos m\u00e9dico e odontol\u00f3gico, exames e testes de sa\u00fade, oficinas, palestras e manuten\u00e7\u00e3o das instala\u00e7\u00f5es da institui\u00e7\u00e3o de ensino.<\/p>\n<p>A inaugura\u00e7\u00e3o do monumento do Almirante Tamandar\u00e9, ser\u00e1 presidida pelo Comandante da Marinha, Almirante de Esquadra Almir Garnier Santos. Estar\u00e3o presentes, ainda, autoridades civis e militares, al\u00e9m de crian\u00e7as e adolescentes de Grupos de Escoteiros do Mar e alunos do Programa For\u00e7as no Esporte (Profesp), que atende fam\u00edlias em situa\u00e7\u00e3o de vulnerabilidade social. Na ocasi\u00e3o, o p\u00fablico poder\u00e1 acompanhar uma apresenta\u00e7\u00e3o musical da banda de m\u00fasica do Grupamento de Fuzileiros Navais de Natal.<\/p>\n<p><strong>Programac\u0327a\u0303o:<\/strong><br \/>\nEvento: Ac\u0327a\u0303o Ci\u0301vico-Social<br \/>\nLocal: Escola Estadual Professor Virginio de Campos<br \/>\nEnderec\u0327o: Rua Senador Firmino de Vasconcelos s\/no \u2013 Ponta da Terra, Maceio\u0301, AL<br \/>\nHora\u0301rio: das 9h a\u0300s 17h<\/p>\n<p>Evento: Cerimo\u0302nia de inaugurac\u0327a\u0303o da esta\u0301tua do Almirante Tamandare\u0301<br \/>\nLocal: Orla da praia da Ponta Verde<br \/>\nEnderec\u0327o: Avenida Silvio Carlos Viana n\u00ba 27 \u2013 Ponta Verde, Maceio\u0301, AL<br \/>\nHora\u0301rio: a\u0300s 14h30<\/p>\n","protected":false},"excerpt":{"rendered":"<p>A Capitania dos Portos de Alagoas (CPAL) vai inaugurar, no dia 12 de maio, um monumento em homenagem ao Almirante Tamandar\u00e9, na orla da Ponta&#8230;<\/p>\n","protected":false},"author":1527,"featured_media":39118,"comment_status":"closed","ping_status":"closed","sticky":false,"template":"","format":"standard","meta":{"footnotes":""},"categories":[6],"tags":[],"class_list":["post-39117","post","type-post","status-publish","format-standard","has-post-thumbnail","hentry","category-noticias"],"_links":{"self":[{"href":"https:\/\/www.sincomam.org.br\/index.php\/wp-json\/wp\/v2\/posts\/39117","targetHints":{"allow":["GET"]}}],"collection":[{"href":"https:\/\/www.sincomam.org.br\/index.php\/wp-json\/wp\/v2\/posts"}],"about":[{"href":"https:\/\/www.sincomam.org.br\/index.php\/wp-json\/wp\/v2\/types\/post"}],"author":[{"embeddable":true,"href":"https:\/\/www.sincomam.org.br\/index.php\/wp-json\/wp\/v2\/users\/1527"}],"replies":[{"embeddable":true,"href":"https:\/\/www.sincomam.org.br\/index.php\/wp-json\/wp\/v2\/comments?post=39117"}],"version-history":[{"count":1,"href":"https:\/\/www.sincomam.org.br\/index.php\/wp-json\/wp\/v2\/posts\/39117\/revisions"}],"predecessor-version":[{"id":39119,"href":"https:\/\/www.sincomam.org.br\/index.php\/wp-json\/wp\/v2\/posts\/39117\/revisions\/39119"}],"wp:featuredmedia":[{"embeddable":true,"href":"https:\/\/www.sincomam.org.br\/index.php\/wp-json\/wp\/v2\/media\/39118"}],"wp:attachment":[{"href":"https:\/\/www.sincomam.org.br\/index.php\/wp-json\/wp\/v2\/media?parent=39117"}],"wp:term":[{"taxonomy":"category","embeddable":true,"href":"https:\/\/www.sincomam.org.br\/index.php\/wp-json\/wp\/v2\/categories?post=39117"},{"taxonomy":"post_tag","embeddable":true,"href":"https:\/\/www.sincomam.org.br\/index.php\/wp-json\/wp\/v2\/tags?post=39117"}],"curies":[{"name":"wp","href":"https:\/\/api.w.org\/{rel}","templated":true}]}}