{"id":39109,"date":"2022-05-09T08:56:50","date_gmt":"2022-05-09T11:56:50","guid":{"rendered":"http:\/\/www.sincomam.org.br\/?p=39109"},"modified":"2022-05-08T22:04:04","modified_gmt":"2022-05-09T01:04:04","slug":"novo-rg-digital-comeca-a-valer-veja-o-prazo-para-trocar-o-documento-e-como-pedir","status":"publish","type":"post","link":"https:\/\/www.sincomam.org.br\/index.php\/novo-rg-digital-comeca-a-valer-veja-o-prazo-para-trocar-o-documento-e-como-pedir\/","title":{"rendered":"Novo RG digital come\u00e7a a valer, veja o prazo para trocar o documento e como pedir"},"content":{"rendered":"<p>A nova Carteira Nacional de Identifica\u00e7\u00e3o, popularmente chamada de RG digital, j\u00e1 come\u00e7ou a valer. O novo modelo do RG j\u00e1 est\u00e1 em vigor em todo o territ\u00f3rio nacional desde o dia 1\u00ba de mar\u00e7o.<\/p>\n<p>Apesar de j\u00e1 estar valendo, os cidad\u00e3os ter\u00e3o um prazo adequado para trocar o atual RG pelo novo documento que trar\u00e1 muito mais modernidade e seguran\u00e7a para os cidad\u00e3os. O novo RG digital ter\u00e1 o Cadastro de Pessoas F\u00edsicas (CPF), como o n\u00famero oficial do documento, ou seja, o cidad\u00e3o n\u00e3o ter\u00e1 mais um n\u00famero espec\u00edfico para o RG e outro para o CPF.<\/p>\n<p><strong>Mas porque o governo quis trocar o documento?<\/strong><br \/>\nExistem diversos motivos que fez com que o governo implementasse o novo RG, dentre eles, a adi\u00e7\u00e3o de mais itens de seguran\u00e7a para o documento. A implementa\u00e7\u00e3o do QR Code, que permitir\u00e1 a verifica\u00e7\u00e3o online e offline do documento, e a moderniza\u00e7\u00e3o do documento para o padr\u00e3o do Mercosul.<\/p>\n<p>Contudo, o principal ponto que fez com que o governo adotasse o novo RG est\u00e1 justamente na maneira como o RG era emitido em cada Estado brasileiro.<\/p>\n<p>Isso porque, cada estado emitia sua pr\u00f3pria numera\u00e7\u00e3o de RG, assim, caso o cidad\u00e3o tirasse a primeira via em um estado e solicitasse a segunda via em outro, o cidad\u00e3o teria dois n\u00fameros de RG.<\/p>\n<p>Ao final de toda essa conta, cada cidad\u00e3o na pr\u00e1tica conseguiria ter at\u00e9 27 n\u00fameros de RG no Brasil, o que \u00e9 um grande retrocesso no pa\u00eds frente aos documentos de identifica\u00e7\u00e3o dos brasileiros.<\/p>\n<p>Agora que a Carteira de Identidade ser\u00e1 unificada com o CPF, onde o pr\u00f3prio CPF \u00e9 emitido uma \u00fanica vez em todo pa\u00eds, n\u00e3o haver\u00e1 essa grande \u201cfalha\u201d em ter diversos n\u00fameros de RG diferentes.<\/p>\n<p><strong>Quando devo trocar meu RG pelo novo?<\/strong><br \/>\nApesar de j\u00e1 estar valendo, os brasileiros ter\u00e3o um prazo at\u00e9 2032 para trocar o documento que possuem atualmente, pelo novo modelo do RG.<\/p>\n<p>Assim, o atual documento ainda ter\u00e1 uma validade de 10 anos para a popula\u00e7\u00e3o com at\u00e9 60 anos, sendo assim, existe um grande tempo h\u00e1bil para que toda a popula\u00e7\u00e3o troque o documento sem desespero ou preocupa\u00e7\u00e3o.<\/p>\n<p>Logo, somente ap\u00f3s 2032 o atual RG deixar\u00e1 de ser considerado como um documento oficial e deixar\u00e1 de ser aceito pelo governo.<\/p>\n<p><strong>Como pedir o novo RG?<\/strong> q<br \/>\nA solicita\u00e7\u00e3o do novo RG j\u00e1 pode ser feita, contudo, devido aos n\u00edveis de mudan\u00e7a, o governo federal estabeleceu o prazo at\u00e9 mar\u00e7o de 2023, para que os \u00f3rg\u00e3os de identifica\u00e7\u00e3o dos estados se adequem \u00e0s mudan\u00e7as para emiss\u00e3o do documento.<\/p>\n<p>Assim, o primeiro passo para tirar o novo RG \u00e9 se dirigir a algum \u00f3rg\u00e3o de identifica\u00e7\u00e3o do cidad\u00e3o como o Poupa Tempo e Expresso Cidad\u00e3o para questionar se o seu estado j\u00e1 est\u00e1 emitindo o novo documento.<\/p>\n<p>Caso j\u00e1 esteja emitindo, basta levar a certid\u00e3o de nascimento ou certid\u00e3o de casamento para que seja solicitado o novo RG digital.O documento ser\u00e1 entregue em duas vers\u00f5es, a primeira delas em papel de seguran\u00e7a ou em cart\u00e3o de policarbonato (pl\u00e1stico), e o outro, que estar\u00e1 dispon\u00edvel digitalmente pelo celular atrav\u00e9s do aplicativo gov.br.<\/p>\n<p>Caso o seu estado ainda n\u00e3o esteja emitindo o novo RG e n\u00e3o for informado quando come\u00e7ar\u00e1 a emiss\u00e3o, o cidad\u00e3o dever\u00e1 aguardar at\u00e9 mar\u00e7o de 2023 para poder solicitar o documento.<\/p>\n<p>Fonte: jornal Cont\u00e1bil<\/p>\n","protected":false},"excerpt":{"rendered":"<p>A nova Carteira Nacional de Identifica\u00e7\u00e3o, popularmente chamada de RG digital, j\u00e1 come\u00e7ou a valer. O novo modelo do RG j\u00e1 est\u00e1 em vigor em&#8230;<\/p>\n","protected":false},"author":1527,"featured_media":39110,"comment_status":"closed","ping_status":"closed","sticky":false,"template":"","format":"standard","meta":{"footnotes":""},"categories":[6],"tags":[],"class_list":["post-39109","post","type-post","status-publish","format-standard","has-post-thumbnail","hentry","category-noticias"],"_links":{"self":[{"href":"https:\/\/www.sincomam.org.br\/index.php\/wp-json\/wp\/v2\/posts\/39109","targetHints":{"allow":["GET"]}}],"collection":[{"href":"https:\/\/www.sincomam.org.br\/index.php\/wp-json\/wp\/v2\/posts"}],"about":[{"href":"https:\/\/www.sincomam.org.br\/index.php\/wp-json\/wp\/v2\/types\/post"}],"author":[{"embeddable":true,"href":"https:\/\/www.sincomam.org.br\/index.php\/wp-json\/wp\/v2\/users\/1527"}],"replies":[{"embeddable":true,"href":"https:\/\/www.sincomam.org.br\/index.php\/wp-json\/wp\/v2\/comments?post=39109"}],"version-history":[{"count":1,"href":"https:\/\/www.sincomam.org.br\/index.php\/wp-json\/wp\/v2\/posts\/39109\/revisions"}],"predecessor-version":[{"id":39111,"href":"https:\/\/www.sincomam.org.br\/index.php\/wp-json\/wp\/v2\/posts\/39109\/revisions\/39111"}],"wp:featuredmedia":[{"embeddable":true,"href":"https:\/\/www.sincomam.org.br\/index.php\/wp-json\/wp\/v2\/media\/39110"}],"wp:attachment":[{"href":"https:\/\/www.sincomam.org.br\/index.php\/wp-json\/wp\/v2\/media?parent=39109"}],"wp:term":[{"taxonomy":"category","embeddable":true,"href":"https:\/\/www.sincomam.org.br\/index.php\/wp-json\/wp\/v2\/categories?post=39109"},{"taxonomy":"post_tag","embeddable":true,"href":"https:\/\/www.sincomam.org.br\/index.php\/wp-json\/wp\/v2\/tags?post=39109"}],"curies":[{"name":"wp","href":"https:\/\/api.w.org\/{rel}","templated":true}]}}