{"id":39097,"date":"2022-05-06T08:16:16","date_gmt":"2022-05-06T11:16:16","guid":{"rendered":"http:\/\/www.sincomam.org.br\/?p=39097"},"modified":"2022-05-06T08:16:16","modified_gmt":"2022-05-06T11:16:16","slug":"marinha-retoma-atividades-com-alunos-em-parnaiba-pi-apos-dois-anos","status":"publish","type":"post","link":"https:\/\/www.sincomam.org.br\/index.php\/marinha-retoma-atividades-com-alunos-em-parnaiba-pi-apos-dois-anos\/","title":{"rendered":"Marinha retoma atividades com alunos, em Parna\u00edba (PI), ap\u00f3s dois anos"},"content":{"rendered":"<p>Cerca de 60 alunos da Escola Crescer visitaram, no dia 29 de abril, as instala\u00e7\u00f5es e os meios da Capitania dos Portos do Piau\u00ed (CPPI), em Parna\u00edba (PI). O encontro marcou a retomada de atividades desenvolvidas pela Marinha na regi\u00e3o em parceria com escolas p\u00fablicas e privadas para despertar o interesse pela carreira naval, bem como difundir a mentalidade mar\u00edtima que garanta a seguran\u00e7a da navega\u00e7\u00e3o, a preserva\u00e7\u00e3o de vidas no mar e rios e a preven\u00e7\u00e3o da polui\u00e7\u00e3o h\u00eddrica.<\/p>\n<p>As a\u00e7\u00f5es foram suspensas no in\u00edcio da pandemia de Covid-19, em 2020, e, agora, foram retomadas, cumprindo todas as recomenda\u00e7\u00f5es estaduais e municipais vigentes, a fim de evitar cont\u00e1gio e prolifera\u00e7\u00e3o do v\u00edrus.<\/p>\n<p>Na ocasi\u00e3o, os alunos do Ensino Fundamental tamb\u00e9m participaram do cerimonial \u00e0 Bandeira e assistiram a palestras, dentre elas \u201cSeguran\u00e7a da Navega\u00e7\u00e3o nas Escolas. Esse barco \u00e9 nossa Escola\u201d, ministrada pelo Capit\u00e3o dos Portos, Capit\u00e3o de Mar e Guerra Maxwell Denigres.<\/p>\n<p>A diretora da Crescer, Milena Guerra, agradeceu a parceria da Marinha com as escolas na cidade. \u201cAgrade\u00e7o pela oportunidade de abrir as portas da Capitania aos nossos alunos para que eles tenham esse contato com o civismo e a vida militar. Vamos manter essa parceria em outras a\u00e7\u00f5es de conscientiza\u00e7\u00e3o, como no pr\u00f3ximo Dia Mundial do Meio Ambiente\u201d, disse a diretora.<\/p>\n<p>Fonte: Marinha do Brasil<\/p>\n","protected":false},"excerpt":{"rendered":"<p>Cerca de 60 alunos da Escola Crescer visitaram, no dia 29 de abril, as instala\u00e7\u00f5es e os meios da Capitania dos Portos do Piau\u00ed (CPPI),&#8230;<\/p>\n","protected":false},"author":1527,"featured_media":39098,"comment_status":"closed","ping_status":"closed","sticky":false,"template":"","format":"standard","meta":{"footnotes":""},"categories":[6],"tags":[],"class_list":["post-39097","post","type-post","status-publish","format-standard","has-post-thumbnail","hentry","category-noticias"],"_links":{"self":[{"href":"https:\/\/www.sincomam.org.br\/index.php\/wp-json\/wp\/v2\/posts\/39097","targetHints":{"allow":["GET"]}}],"collection":[{"href":"https:\/\/www.sincomam.org.br\/index.php\/wp-json\/wp\/v2\/posts"}],"about":[{"href":"https:\/\/www.sincomam.org.br\/index.php\/wp-json\/wp\/v2\/types\/post"}],"author":[{"embeddable":true,"href":"https:\/\/www.sincomam.org.br\/index.php\/wp-json\/wp\/v2\/users\/1527"}],"replies":[{"embeddable":true,"href":"https:\/\/www.sincomam.org.br\/index.php\/wp-json\/wp\/v2\/comments?post=39097"}],"version-history":[{"count":1,"href":"https:\/\/www.sincomam.org.br\/index.php\/wp-json\/wp\/v2\/posts\/39097\/revisions"}],"predecessor-version":[{"id":39099,"href":"https:\/\/www.sincomam.org.br\/index.php\/wp-json\/wp\/v2\/posts\/39097\/revisions\/39099"}],"wp:featuredmedia":[{"embeddable":true,"href":"https:\/\/www.sincomam.org.br\/index.php\/wp-json\/wp\/v2\/media\/39098"}],"wp:attachment":[{"href":"https:\/\/www.sincomam.org.br\/index.php\/wp-json\/wp\/v2\/media?parent=39097"}],"wp:term":[{"taxonomy":"category","embeddable":true,"href":"https:\/\/www.sincomam.org.br\/index.php\/wp-json\/wp\/v2\/categories?post=39097"},{"taxonomy":"post_tag","embeddable":true,"href":"https:\/\/www.sincomam.org.br\/index.php\/wp-json\/wp\/v2\/tags?post=39097"}],"curies":[{"name":"wp","href":"https:\/\/api.w.org\/{rel}","templated":true}]}}