{"id":39086,"date":"2022-05-06T07:40:35","date_gmt":"2022-05-06T10:40:35","guid":{"rendered":"http:\/\/www.sincomam.org.br\/?p=39086"},"modified":"2022-05-06T07:40:35","modified_gmt":"2022-05-06T10:40:35","slug":"saque-extraordinario-do-fgts-quem-nao-fez-o-saque-emergencial-em-2020-pode-nao-ter-deposito-automatico","status":"publish","type":"post","link":"https:\/\/www.sincomam.org.br\/index.php\/saque-extraordinario-do-fgts-quem-nao-fez-o-saque-emergencial-em-2020-pode-nao-ter-deposito-automatico\/","title":{"rendered":"Saque extraordin\u00e1rio do FGTS: quem n\u00e3o fez o saque emergencial em 2020 pode n\u00e3o ter dep\u00f3sito autom\u00e1tico"},"content":{"rendered":"<div class=\"mc-column content-text active-extra-styles \" data-block-type=\"unstyled\" data-block-weight=\"47\" data-block-id=\"2\">\n<p class=\"content-text__container \" data-track-category=\"Link no Texto\" data-track-links=\"\">Quem optou por n\u00e3o aceitar\u00a0os saques emergenciais do Fundo de Garantia do Tempo de Servi\u00e7o (FGTS) em 2020, liberados j\u00e1 durante a pandemia da Covid-19, pode n\u00e3o ter o saque extraordin\u00e1rio do fundo deste ano, com valor de at\u00e9 R$ 1.000, depositado de forma autom\u00e1tica.<\/p>\n<\/div>\n<div class=\"wall protected-content\">\n<div class=\"mc-column content-text active-extra-styles \" data-block-type=\"unstyled\" data-block-weight=\"39\" data-block-id=\"3\">\n<p class=\"content-text__container \" data-track-category=\"Link no Texto\" data-track-links=\"\">De acordo com a Caixa Econ\u00f4mica Federal, para receber os valores,\u00a0<strong>os trabalhadores que n\u00e3o utilizaram o saque emergencial em 2020 podem precisar atualizar o cadastro e fazer a solicita\u00e7\u00e3o, que n\u00e3o requer a ida a uma ag\u00eancia<\/strong>.<\/p>\n<\/div>\n<div class=\"mc-column content-text active-extra-styles \" data-block-type=\"unstyled\" data-block-weight=\"12\" data-block-id=\"4\">\n<p class=\"content-text__container \" data-track-category=\"Link no Texto\" data-track-links=\"\"><span class=\"highlight highlighted\">Basta fazer o acesso pelo\u00a0<\/span><a href=\"https:\/\/www.caixa.gov.br\/atendimento\/aplicativos\/fgts\/Paginas\/default.aspx#como-acessar\" target=\"_blank\" rel=\"noopener\"><span class=\"highlight highlighted\">aplicativo FGTS<\/span><\/a><span class=\"highlight highlighted\">, clicando em &#8220;Saque Extraordin\u00e1rio&#8221;.<\/span><\/p>\n<\/div>\n<div class=\"mc-column content-text active-extra-styles \" data-block-type=\"unstyled\" data-block-weight=\"5\" data-block-id=\"5\">\n<p class=\"content-text__container \" data-track-category=\"Link no Texto\" data-track-links=\"\"><strong>Confira o passo a passo:<\/strong><\/p>\n<ul class=\"content-unordered-list\">\n<li>O pr\u00f3prio aplicativo pedir\u00e1 que o trabalhador fa\u00e7a o pedido de saque, ao clicar no bot\u00e3o \u201cSolicitar saque\u201d, de cor laranja;<\/li>\n<li>Complemente os dados que forem necess\u00e1rios e clique em \u201cConfirmar\u201d para autorizar a abertura de conta poupan\u00e7a social da Caixa em seu nome. Essa \u00e9 a \u00fanica op\u00e7\u00e3o para receber os recursos do\u00a0<a href=\"https:\/\/g1.globo.com\/tudo-sobre\/fgts\/\">FGTS<\/a>;<\/li>\n<li>Aparecer\u00e1 a seguinte mensagem: \u201cA Caixa ir\u00e1 processar a solicita\u00e7\u00e3o e caso esteja tudo certo, o valor ser\u00e1 creditado em sua conta\u201d.<\/li>\n<\/ul>\n<div class=\"mc-column content-text active-extra-styles\" data-block-type=\"raw\" data-block-weight=\"2\" data-block-id=\"10\">\n<div class=\"content-intertitle\">\n<h2>Saque extraordin\u00e1rio<\/h2>\n<\/div>\n<p>&nbsp;<\/p>\n<\/div>\n<div class=\"mc-column content-text active-extra-styles \" data-block-type=\"unstyled\" data-block-weight=\"63\" data-block-id=\"11\">\n<p class=\"content-text__container \" data-track-category=\"Link no Texto\" data-track-links=\"\">Trabalhadores nascidos em janeiro, fevereiro e mar\u00e7o j\u00e1 podem realizar o saque extraordin\u00e1rio no valor de at\u00e9 R$ 1 mil do Fundo de Garantia do Tempo de Servi\u00e7o (FGTS). \u00c9 poss\u00edvel\u00a0consultar quem tem direito ao saque\u00a0&#8211; al\u00e9m de valores e datas para receber o dinheiro &#8211; pelo\u00a0site da Caixa, pelo aplicativo\u00a0FGTS\u00a0e nas ag\u00eancias da\u00a0Caixa Econ\u00f4mica Federal\u00a0(CEF).<\/p>\n<\/div>\n<div class=\"mc-column content-text active-extra-styles \" data-block-type=\"unstyled\" data-block-weight=\"35\" data-block-id=\"12\">\n<p class=\"content-text__container \" data-track-category=\"Link no Texto\" data-track-links=\"\">Ao todo, 42 milh\u00f5es de trabalhadores est\u00e3o aptos ao saque extraordin\u00e1rio do\u00a0FGTS. O saldo dispon\u00edvel j\u00e1 pode ser consultado, mas a retirada e a movimenta\u00e7\u00e3o do valor segue o calend\u00e1rio estabelecido pela Caixa.<\/p>\n<\/div>\n<div class=\"mc-column content-text active-extra-styles \" data-block-type=\"unstyled\" data-block-weight=\"9\" data-block-id=\"14\">\n<p class=\"content-text__container \" data-track-category=\"Link no Texto\" data-track-links=\"\">Na consulta pelo\u00a0site do FGTS, \u00e9 poss\u00edvel saber:<\/p>\n<\/div>\n<div class=\"mc-column content-text active-extra-styles\" data-block-type=\"raw\" data-block-weight=\"20\" data-block-id=\"15\">\n<ul class=\"content-unordered-list\">\n<li>se o trabalhador tem direito ao Saque Extraordin\u00e1rio do\u00a0FGTS;<\/li>\n<li>consultar a data de cr\u00e9dito na Conta Poupan\u00e7a Social Digital.<\/li>\n<\/ul>\n<p>&nbsp;<\/p>\n<\/div>\n<div class=\"mc-column content-text active-extra-styles \" data-block-type=\"unstyled\" data-block-weight=\"11\" data-block-id=\"16\">\n<p class=\"content-text__container \" data-track-category=\"Link no Texto\" data-track-links=\"\">J\u00e1 pelo\u00a0aplicativo FGTS e nas ag\u00eancias da Caixa, \u00e9 poss\u00edvel:<\/p>\n<\/div>\n<div class=\"mc-column content-text active-extra-styles\" data-block-type=\"raw\" data-block-weight=\"44\" data-block-id=\"17\">\n<ul class=\"content-unordered-list\">\n<li>consultar o valor a ser creditado;<\/li>\n<li>consultar a data de cr\u00e9dito na Conta Poupan\u00e7a Social Digital;<\/li>\n<li>informar que n\u00e3o quer receber o cr\u00e9dito do valor;<\/li>\n<li>solicitar o retorno do valor creditado para a conta\u00a0FGTS;<\/li>\n<li>altera\u00e7\u00e3o cadastral para cria\u00e7\u00e3o de Conta Poupan\u00e7a Social Digital.<\/li>\n<\/ul>\n<div class=\"mc-column content-text active-extra-styles\" data-block-type=\"raw\" data-block-weight=\"1\" data-block-id=\"19\">\n<div class=\"content-intertitle\">\n<h2>Calend\u00e1rio<\/h2>\n<\/div>\n<p>&nbsp;<\/p>\n<\/div>\n<div class=\"mc-column content-text active-extra-styles \" data-block-type=\"unstyled\" data-block-weight=\"23\" data-block-id=\"20\">\n<p class=\"content-text__container \" data-track-category=\"Link no Texto\" data-track-links=\"\">De acordo com a Caixa, cerca de R$ 30 bilh\u00f5es ser\u00e3o liberados para aproximadamente 42 milh\u00f5es de trabalhadores com direito ao saque.<\/p>\n<p data-track-category=\"Link no Texto\" data-track-links=\"\">O pagamento vai at\u00e9 15 de junho, de acordo com o m\u00eas de nascimento do trabalhador. A retirada ser\u00e1 poss\u00edvel at\u00e9 o dia 15 de dezembro.<\/p>\n<\/div>\n<div class=\"mc-column content-text active-extra-styles \" data-block-type=\"unstyled\" data-block-weight=\"16\" data-block-id=\"24\">\n<p class=\"content-text__container \" data-track-category=\"Link no Texto\" data-track-links=\"\">Qualquer pessoa que tiver conta vinculada do\u00a0FGTS, ativa ou inativa, poder\u00e1 sacar. Se o titular possuir mais de uma conta do FGTS, o saque \u00e9 feito na seguinte ordem: primeiro, as contas relativas a contratos de trabalho extintos, com in\u00edcio pela conta que tiver o menor saldo; em seguida, as demais contas vinculadas, com in\u00edcio pela conta que tiver o menor saldo.<\/p>\n<\/div>\n<div class=\"content-ads content-ads--reveal\" data-block-type=\"ads\" data-block-id=\"26\">\n<div id=\"banner_materia__1c3e2750-6165-4800-919a-9057ac283c86\" class=\"tag-manager-publicidade-container mc-has-reveal mc-has-ad-lazyload tag-manager-publicidade-banner_materia__1c3e2750-6165-4800-919a-9057ac283c86 tag-manager-publicidade-container--carregado tag-manager-publicidade-container--visivel\" data-id=\"banner_materia__1c3e2750-6165-4800-919a-9057ac283c86\" data-req=\"true\" data-google-query-id=\"COmkjKjXyvcCFUEmuQYdJRsP1w\" data-cid=\"138391430077\" data-lid=\"6007332163\">\n<div class=\"mc-column content-text active-extra-styles \" data-block-type=\"unstyled\" data-block-weight=\"26\" data-block-id=\"27\">\n<p class=\"content-text__container \" data-track-category=\"Link no Texto\" data-track-links=\"\">N\u00e3o estar\u00e3o dispon\u00edveis para saque os valores que estiverem bloqueados na conta do\u00a0<a href=\"https:\/\/g1.globo.com\/tudo-sobre\/fgts\/\">FGTS<\/a>, como garantia de opera\u00e7\u00f5es de cr\u00e9dito de antecipa\u00e7\u00e3o do saque-anivers\u00e1rio, por exemplo.<\/p>\n<\/div>\n<div class=\"mc-column content-text active-extra-styles\" data-block-type=\"raw\" data-block-weight=\"4\" data-block-id=\"28\">\n<p class=\"content-text__container\">\n<div class=\"content-intertitle\">\n<h2>Como pedir o saque?<\/h2>\n<\/div>\n<\/div>\n<div class=\"mc-column content-text active-extra-styles \" data-block-type=\"unstyled\" data-block-weight=\"20\" data-block-id=\"29\">\n<p class=\"content-text__container \" data-track-category=\"Link no Texto\" data-track-links=\"\">N\u00e3o ser\u00e1 preciso solicitar. O dinheiro vai ser disponibilizado automaticamente na conta do trabalhador no\u00a0Caixa Tem.<\/p>\n<\/div>\n<div class=\"mc-column content-text active-extra-styles \" data-block-type=\"unstyled\" data-block-weight=\"24\" data-block-id=\"30\">\n<p class=\"content-text__container \" data-track-category=\"Link no Texto\" data-track-links=\"\">Se o benefici\u00e1rio n\u00e3o tiver uma conta no Caixa Tem, a Caixa Econ\u00f4mica Federal vai abrir uma conta em nome do trabalhador automaticamente.<\/p>\n<\/div>\n<div class=\"mc-column content-text active-extra-styles \" data-block-type=\"unstyled\" data-block-weight=\"24\" data-block-id=\"31\">\n<p class=\"content-text__container \" data-track-category=\"Link no Texto\" data-track-links=\"\">No entanto, em caso de dados incompletos que n\u00e3o permitam a abertura da conta digital, o trabalhador ter\u00e1 de pedir a libera\u00e7\u00e3o dos recursos.<\/p>\n<\/div>\n<div class=\"mc-column content-text active-extra-styles \" data-block-type=\"unstyled\" data-block-weight=\"33\" data-block-id=\"32\">\n<p class=\"content-text__container \" data-track-category=\"Link no Texto\" data-track-links=\"\">Todo o processo para pedir o saque ser\u00e1 informatizado. O trabalhador n\u00e3o precisar\u00e1 ir \u00e0 ag\u00eancia da Caixa, bastando entrar no aplicativo\u00a0FGTS, dispon\u00edvel para smartphones e tablets, e inserindo os dados pedidos.<\/p>\n<\/div>\n<div class=\"mc-column content-text active-extra-styles \" data-block-type=\"unstyled\" data-block-weight=\"7\" data-block-id=\"33\">\n<p class=\"content-text__container \" data-track-category=\"Link no Texto\" data-track-links=\"\">O aplicativo pode ser baixado pelo celular:<\/p>\n<\/div>\n<div class=\"mc-column content-text active-extra-styles\" data-block-type=\"raw\" data-block-weight=\"19\" data-block-id=\"34\">\n<ul class=\"content-unordered-list\">\n<li><a href=\"https:\/\/play.google.com\/store\/apps\/details?id=br.gov.caixa.tem\" target=\"_blank\" rel=\"noopener\">Clique aqui para baixar o app para celulares Android<\/a><\/li>\n<li><a href=\"https:\/\/apps.apple.com\/br\/app\/caixa-tem\/id1485424267\" target=\"_blank\" rel=\"noopener\">Clique aqui para baixar o app para celulares iOS (Apple)<\/a><\/li>\n<\/ul>\n<\/div>\n<\/div>\n<\/div>\n<\/div>\n<div class=\"bs-video-block mc-column  content-media content-video\" data-block-type=\"backstage-video\" data-block-id=\"18\">\n<div class=\"content-media__container\">\n<div class=\"content-video__bigger-player-description-fixer\">\n<article class=\"content-video\">\n<section class=\"content-video__video-container\">\n<div class=\"content-video__video\">\n<div class=\"content-video__placeholder\" data-video-id=\"10399616\" data-video-has-viewport-play=\"True\">Ap\u00f3s o cr\u00e9dito dos valores na conta poupan\u00e7a social digital, j\u00e1 ser\u00e1 poss\u00edvel pagar boletos e contas ou utilizar o cart\u00e3o de d\u00e9bito virtual e QR code para fazer compras em supermercados, padarias, farm\u00e1cias e outros estabelecimentos, por meio do aplicativo.<\/div>\n<\/div>\n<div data-video-id=\"10399616\" data-video-has-viewport-play=\"True\">\n<div class=\"mc-column content-text active-extra-styles \" data-block-type=\"unstyled\" data-block-weight=\"39\" data-block-id=\"38\">\n<p class=\"content-text__container \" data-track-category=\"Link no Texto\" data-track-links=\"\">O valor tamb\u00e9m pode ser transferido para outras contas banc\u00e1rias da Caixa ou de outro banco. \u00c9 poss\u00edvel ainda realizar transa\u00e7\u00f5es por meio do Pix, al\u00e9m de efetuar saque nos terminais de autoatendimento da Caixa e nas casas lot\u00e9ricas.<\/p>\n<\/div>\n<div class=\"mc-column content-text active-extra-styles\" data-block-type=\"raw\" data-block-weight=\"4\" data-block-id=\"39\">\n<p class=\"content-text__container\">\n<div class=\"content-intertitle\">\n<h2>Sou obrigado a sacar?<\/h2>\n<\/div>\n<\/div>\n<div class=\"mc-column content-text active-extra-styles \" data-block-type=\"unstyled\" data-block-weight=\"58\" data-block-id=\"40\">\n<p class=\"content-text__container \" data-track-category=\"Link no Texto\" data-track-links=\"\">N\u00e3o. O saque \u00e9 facultativo ao trabalhador. Se ele n\u00e3o tiver interesse, pode indicar que n\u00e3o deseja receber o saque extraordin\u00e1rio do\u00a0FGTS, para que sua conta do\u00a0FGTS\u00a0n\u00e3o seja debitada. Nesse caso, ele dever\u00e1 acessar o aplicativo\u00a0FGTS\u00a0ou se dirigir a uma das ag\u00eancias do banco para informar que n\u00e3o quer receber o cr\u00e9dito.<\/p>\n<\/div>\n<div class=\"mc-column content-text active-extra-styles \" data-block-type=\"unstyled\" data-block-weight=\"32\" data-block-id=\"41\">\n<p class=\"content-text__container \" data-track-category=\"Link no Texto\" data-track-links=\"\">Ap\u00f3s a realiza\u00e7\u00e3o do cr\u00e9dito na Conta Poupan\u00e7a Social Digital, o trabalhador pode, ainda assim, optar por desfazer o cr\u00e9dito autom\u00e1tico, por meio dos mesmos canais, at\u00e9 o dia 10 de novembro.<\/p>\n<\/div>\n<div class=\"mc-column content-text active-extra-styles \" data-block-type=\"unstyled\" data-block-weight=\"34\" data-block-id=\"42\">\n<p class=\"content-text__container \" data-track-category=\"Link no Texto\" data-track-links=\"\">Caso o cr\u00e9dito dos valores tenha sido feito na Poupan\u00e7a Social Digital do trabalhador e essa conta n\u00e3o seja movimentada at\u00e9 15 de dezembro, os recursos ser\u00e3o retornados \u00e0 conta do\u00a0FGTS, devidamente corrigidos.<\/p>\n<\/div>\n<div class=\"block-podcast\"><\/div>\n<\/div>\n<\/section>\n<\/article>\n<\/div>\n<\/div>\n<\/div>\n<\/div>\n<\/div>\n","protected":false},"excerpt":{"rendered":"<p>Quem optou por n\u00e3o aceitar\u00a0os saques emergenciais do Fundo de Garantia do Tempo de Servi\u00e7o (FGTS) em 2020, liberados j\u00e1 durante a pandemia da Covid-19,&#8230;<\/p>\n","protected":false},"author":1527,"featured_media":33114,"comment_status":"closed","ping_status":"closed","sticky":false,"template":"","format":"standard","meta":{"footnotes":""},"categories":[6],"tags":[],"class_list":["post-39086","post","type-post","status-publish","format-standard","has-post-thumbnail","hentry","category-noticias"],"_links":{"self":[{"href":"https:\/\/www.sincomam.org.br\/index.php\/wp-json\/wp\/v2\/posts\/39086","targetHints":{"allow":["GET"]}}],"collection":[{"href":"https:\/\/www.sincomam.org.br\/index.php\/wp-json\/wp\/v2\/posts"}],"about":[{"href":"https:\/\/www.sincomam.org.br\/index.php\/wp-json\/wp\/v2\/types\/post"}],"author":[{"embeddable":true,"href":"https:\/\/www.sincomam.org.br\/index.php\/wp-json\/wp\/v2\/users\/1527"}],"replies":[{"embeddable":true,"href":"https:\/\/www.sincomam.org.br\/index.php\/wp-json\/wp\/v2\/comments?post=39086"}],"version-history":[{"count":1,"href":"https:\/\/www.sincomam.org.br\/index.php\/wp-json\/wp\/v2\/posts\/39086\/revisions"}],"predecessor-version":[{"id":39087,"href":"https:\/\/www.sincomam.org.br\/index.php\/wp-json\/wp\/v2\/posts\/39086\/revisions\/39087"}],"wp:featuredmedia":[{"embeddable":true,"href":"https:\/\/www.sincomam.org.br\/index.php\/wp-json\/wp\/v2\/media\/33114"}],"wp:attachment":[{"href":"https:\/\/www.sincomam.org.br\/index.php\/wp-json\/wp\/v2\/media?parent=39086"}],"wp:term":[{"taxonomy":"category","embeddable":true,"href":"https:\/\/www.sincomam.org.br\/index.php\/wp-json\/wp\/v2\/categories?post=39086"},{"taxonomy":"post_tag","embeddable":true,"href":"https:\/\/www.sincomam.org.br\/index.php\/wp-json\/wp\/v2\/tags?post=39086"}],"curies":[{"name":"wp","href":"https:\/\/api.w.org\/{rel}","templated":true}]}}