{"id":3907,"date":"2014-02-27T10:54:04","date_gmt":"2014-02-27T13:54:04","guid":{"rendered":"http:\/\/www.sincomam.org.br\/?p=3907"},"modified":"2014-02-27T10:55:15","modified_gmt":"2014-02-27T13:55:15","slug":"marinha-apreende-embarcacao-com-pescado-durante-operacao-amazonia-azul","status":"publish","type":"post","link":"https:\/\/www.sincomam.org.br\/index.php\/marinha-apreende-embarcacao-com-pescado-durante-operacao-amazonia-azul\/","title":{"rendered":"Marinha apreende embarca\u00e7\u00e3o com pescado durante \u201cOpera\u00e7\u00e3o Amaz\u00f4nia Azul\u201d"},"content":{"rendered":"<p>O Navio-Patrulha \u201cGraja\u00fa\u201d, subordinado ao Comando do 3\u00ba Distrito Naval, apreendeu, no final da tarde do dia 20 de fevereiro, durante a \u201cOpera\u00e7\u00e3o Amaz\u00f4nia Azul\u201d, a embarca\u00e7\u00e3o \u201cAlfa\u201d, que estava pescando ilegalmente entre o Atol das Rocas e o Arquip\u00e9lago de Fernando de Noronha, o que caracteriza crime ambiental.<\/p>\n<p>Militares da Marinha, fiscais do IBAMA e do Instituto Chico Mendes de Conserva\u00e7\u00e3o da Biodiversidade estavam na Base Naval de Natal, no dia 21 de fevereiro, para os procedimentos administrativos cab\u00edveis a cada Institui\u00e7\u00e3o. O navio pesqueiro, com cerca de 10 toneladas de pescado a bordo, tamb\u00e9m estava com equipamento de radio com problemas.<\/p>\n<p>A Opera\u00e7\u00e3o \u201cAmaz\u00f4nia Azul\u201d, realizada pela Marinha do Brasil (MB), sob a coordena\u00e7\u00e3o do Comando de Opera\u00e7\u00f5es Navais, teve in\u00edcio nesta segunda-feira (17) e tem como prop\u00f3sitos principais intensificar a fiscaliza\u00e7\u00e3o do cumprimento de leis e regulamentos e reprimir il\u00edcitos de toda ordem nas \u00c1guas Jurisdicionais Brasileiras (AJB), al\u00e9m de servir como prepara\u00e7\u00e3o para a atua\u00e7\u00e3o da For\u00e7a Naval na Copa do Mundo FIFA 2014.<\/p>\n<p>Fonte: Assessoria de Imprensa do Comando do 3\u00ba Distrito Naval.<br \/>Foto: ilustrativa<\/p>\n","protected":false},"excerpt":{"rendered":"<p>O Navio-Patrulha \u201cGraja\u00fa\u201d, subordinado ao Comando do 3\u00ba Distrito Naval, apreendeu, no final da tarde do dia 20 de fevereiro, durante a \u201cOpera\u00e7\u00e3o Amaz\u00f4nia Azul\u201d,&#8230;<\/p>\n","protected":false},"author":1182,"featured_media":0,"comment_status":"closed","ping_status":"closed","sticky":false,"template":"","format":"standard","meta":{"footnotes":""},"categories":[6],"tags":[335,15,377],"class_list":["post-3907","post","type-post","status-publish","format-standard","hentry","category-noticias","tag-amazonia-azul","tag-marinha","tag-operacao"],"_links":{"self":[{"href":"https:\/\/www.sincomam.org.br\/index.php\/wp-json\/wp\/v2\/posts\/3907","targetHints":{"allow":["GET"]}}],"collection":[{"href":"https:\/\/www.sincomam.org.br\/index.php\/wp-json\/wp\/v2\/posts"}],"about":[{"href":"https:\/\/www.sincomam.org.br\/index.php\/wp-json\/wp\/v2\/types\/post"}],"author":[{"embeddable":true,"href":"https:\/\/www.sincomam.org.br\/index.php\/wp-json\/wp\/v2\/users\/1182"}],"replies":[{"embeddable":true,"href":"https:\/\/www.sincomam.org.br\/index.php\/wp-json\/wp\/v2\/comments?post=3907"}],"version-history":[{"count":2,"href":"https:\/\/www.sincomam.org.br\/index.php\/wp-json\/wp\/v2\/posts\/3907\/revisions"}],"predecessor-version":[{"id":3909,"href":"https:\/\/www.sincomam.org.br\/index.php\/wp-json\/wp\/v2\/posts\/3907\/revisions\/3909"}],"wp:attachment":[{"href":"https:\/\/www.sincomam.org.br\/index.php\/wp-json\/wp\/v2\/media?parent=3907"}],"wp:term":[{"taxonomy":"category","embeddable":true,"href":"https:\/\/www.sincomam.org.br\/index.php\/wp-json\/wp\/v2\/categories?post=3907"},{"taxonomy":"post_tag","embeddable":true,"href":"https:\/\/www.sincomam.org.br\/index.php\/wp-json\/wp\/v2\/tags?post=3907"}],"curies":[{"name":"wp","href":"https:\/\/api.w.org\/{rel}","templated":true}]}}