{"id":39034,"date":"2022-05-03T12:22:29","date_gmt":"2022-05-03T15:22:29","guid":{"rendered":"http:\/\/www.sincomam.org.br\/?p=39034"},"modified":"2022-05-03T12:22:29","modified_gmt":"2022-05-03T15:22:29","slug":"titulo-de-eleitor-pode-ser-feito-100-online","status":"publish","type":"post","link":"https:\/\/www.sincomam.org.br\/index.php\/titulo-de-eleitor-pode-ser-feito-100-online\/","title":{"rendered":"T\u00edtulo de eleitor pode ser feito 100% online"},"content":{"rendered":"<p>Todos os brasileiros a partir de 16 anos t\u00eam at\u00e9 a pr\u00f3xima quarta, 4 de maio, para pedir a primeira via do t\u00edtulo de eleitor ou regulariz\u00e1-lo a tempo de votar nas Elei\u00e7\u00f5es de 2022. O procedimento pode ser\u00a0<strong>feito pela internet<\/strong>, por meio do\u00a0<a href=\"https:\/\/www.tse.jus.br\/eleitor\/titulo-de-eleitor\/pre-atendimento-eleitoral-titulo-net\" target=\"_blank\" rel=\"noopener\">T\u00edtulo Net<\/a>.<\/p>\n<div class=\"mc-column content-text active-extra-styles \" data-block-type=\"unstyled\" data-block-weight=\"31\" data-block-id=\"4\">\n<p class=\"content-text__container \" data-track-category=\"Link no Texto\" data-track-links=\"\">O primeiro turno da vota\u00e7\u00e3o est\u00e1 marcado para\u00a0<strong>2 de outubro.\u00a0<\/strong>J\u00e1 o segundo turno, nos estados e nacionalmente, caso preciso, ocorrer\u00e3o em\u00a0<strong>30 de outubro,\u00a0<\/strong>\u00faltimo domingo do m\u00eas<strong>.<\/strong><\/p>\n<\/div>\n<div class=\"mc-column content-text active-extra-styles\" data-block-type=\"raw\" data-block-weight=\"2\" data-block-id=\"5\">\n<div class=\"content-intertitle\">\n<div class=\"mc-column content-text active-extra-styles \" data-block-type=\"unstyled\" data-block-weight=\"45\" data-block-id=\"9\">\n<p class=\"content-text__container \" data-track-category=\"Link no Texto\" data-track-links=\"\">A Lei das Elei\u00e7\u00f5es (Lei n\u00ba 9.504\/97\u00a0\u2013 artigo 91) determina o fechamento do Cadastro Eleitoral\u00a0<strong>150 dias antes de cada pleito<\/strong>. Neste per\u00edodo, as pessoas podem resolver pend\u00eancias como transfer\u00eancia de domic\u00edlio eleitoral ou outras decorrentes de aus\u00eancia ou justificativa nas tr\u00eas \u00faltimas elei\u00e7\u00f5es.<\/p>\n<\/div>\n<div class=\"mc-column content-text active-extra-styles\" data-block-type=\"raw\" data-block-weight=\"31\" data-block-id=\"10\">\n<div class=\"mc-column content-text active-extra-styles\" data-block-type=\"raw\" data-block-weight=\"2\" data-block-id=\"13\">\n<div class=\"content-intertitle\">\n<h2><strong>Como fazer?<\/strong><\/h2>\n<\/div>\n<\/div>\n<div class=\"mc-column content-text active-extra-styles \" data-block-type=\"unstyled\" data-block-weight=\"56\" data-block-id=\"14\">\n<p class=\"content-text__container \" data-track-category=\"Link no Texto\" data-track-links=\"\">Para regularizar a situa\u00e7\u00e3o do t\u00edtulo de eleitor ou a retirada da primeira via do documento devem ser solicitadas pelo sistema\u00a0T\u00edtulo Net, no\u00a0Portal do Tribunal Superior Eleitoral(TSE). Ser\u00e1 preciso anexar documento oficial com foto, comprovante de resid\u00eancia, comprovante de pagamento de d\u00e9bito com a Justi\u00e7a Eleitoral e comprovante de quita\u00e7\u00e3o do servi\u00e7o militar.<\/p>\n<\/div>\n<div class=\"mc-column content-text active-extra-styles \" data-block-type=\"unstyled\" data-block-weight=\"44\" data-block-id=\"18\">\n<p class=\"content-text__container \" data-track-category=\"Link no Texto\" data-track-links=\"\">Para tirar o documento pela primeira vez, \u00e9 necess\u00e1rio que o futuro eleitor informe, na\u00a0p\u00e1gina de requerimento do sistema T\u00edtulo-Net, a unidade da federa\u00e7\u00e3o em que reside. Ap\u00f3s esse procedimento, aparecem na tela informa\u00e7\u00f5es sobre a digitaliza\u00e7\u00e3o dos documentos necess\u00e1rios para a solicita\u00e7\u00e3o:<\/p>\n<ul class=\"content-unordered-list\">\n<li>uma foto tipo selfie segurando um documento de identifica\u00e7\u00e3o;<\/li>\n<li>comprovante de resid\u00eancia atualizado;<\/li>\n<li>certificado de quita\u00e7\u00e3o de servi\u00e7o militar, para homens de 18 a 45 anos.<\/li>\n<\/ul>\n<div class=\"mc-column content-text active-extra-styles \" data-block-type=\"unstyled\" data-block-weight=\"47\" data-block-id=\"21\">\n<div class=\"mc-column content-text active-extra-styles \" data-block-type=\"unstyled\" data-block-weight=\"47\" data-block-id=\"21\">\n<p class=\"content-text__container \" data-track-category=\"Link no Texto\" data-track-links=\"\">Na p\u00e1gina seguinte, em\u00a0<strong>&#8220;T\u00edtulo de Eleitor&#8221;<\/strong>, ao solicitar a primeira via, a pessoa precisa marcar a op\u00e7\u00e3o\u00a0<strong>&#8220;n\u00e3o tenho&#8221;<\/strong>\u00a0para prosseguir com o atendimento. Depois do envio dos dados, os documentos ser\u00e3o analisados pela Justi\u00e7a Eleitoral. O acompanhamento da solicita\u00e7\u00e3o pode ser feito tamb\u00e9m pelo\u00a0<a href=\"https:\/\/cad-app-titulonet.tse.jus.br\/titulonet\/acompanharRequerimento\" target=\"_blank\" rel=\"noopener\">site<\/a>.<\/p>\n<\/div>\n<div class=\"mc-column content-text active-extra-styles \" data-block-type=\"unstyled\" data-block-weight=\"41\" data-block-id=\"22\">\n<p class=\"content-text__container \" data-track-category=\"Link no Texto\" data-track-links=\"\">Os que desejam realizar alguma altera\u00e7\u00e3o no cadastro eleitoral, devem conferir a situa\u00e7\u00e3o junto \u00e0 Justi\u00e7a Eleitoral,\u00a0<a href=\"https:\/\/www.tse.jus.br\/eleitor\/titulo-e-local-de-votacao\/copy_of_consulta-por-nome\" target=\"_blank\" rel=\"noopener\">tamb\u00e9m pela internet<\/a>. Em seguida, \u00e9 preciso acessar o sistema T\u00edtulo-Net, solicitar requerimento para o atendimento desejado e enviar a documenta\u00e7\u00e3o necess\u00e1ria para regulariza\u00e7\u00e3o.<\/p>\n<div class=\"mc-column content-text active-extra-styles \" data-block-type=\"unstyled\" data-block-weight=\"36\" data-block-id=\"26\">\n<p class=\"content-text__container \" data-track-category=\"Link no Texto\" data-track-links=\"\">Outra maneira de consultar eventuais pend\u00eancias junto \u00e0 Justi\u00e7a Eleitoral \u00e9 por meio do\u00a0<strong>aplicativo e-T\u00edtulo<\/strong>. A ferramenta tamb\u00e9m pode ser utilizada como t\u00edtulo eleitoral digital, substituindo o documento em papel no dia das elei\u00e7\u00f5es.<\/p>\n<\/div>\n<div class=\"mc-column content-text active-extra-styles \" data-block-type=\"unstyled\" data-block-weight=\"19\" data-block-id=\"27\">\n<p class=\"content-text__container \" data-track-category=\"Link no Texto\" data-track-links=\"\">Para utilizar, \u00e9 necess\u00e1rio fazer o download gratuito em telefones celulares ou tablets de qualquer plataforma\u00a0<a href=\"https:\/\/play.google.com\/store\/apps\/details?id=br.jus.tse.eleitoral.etitulo\" target=\"_blank\" rel=\"noopener\">Android<\/a>\u00a0ou\u00a0<a href=\"https:\/\/apps.apple.com\/br\/app\/e-t%C3%ADtulo\/id1320338088\" target=\"_blank\" rel=\"noopener\">iOS<\/a>.<\/p>\n<\/div>\n<p data-track-category=\"Link no Texto\" data-track-links=\"\">Fonte: G1<\/p>\n<\/div>\n<\/div>\n<\/div>\n<\/div>\n<\/div>\n<\/div>\n<p>&nbsp;<\/p>\n<p>&nbsp;<\/p>\n","protected":false},"excerpt":{"rendered":"<p>Todos os brasileiros a partir de 16 anos t\u00eam at\u00e9 a pr\u00f3xima quarta, 4 de maio, para pedir a primeira via do t\u00edtulo de eleitor&#8230;<\/p>\n","protected":false},"author":1527,"featured_media":39035,"comment_status":"closed","ping_status":"closed","sticky":false,"template":"","format":"standard","meta":{"footnotes":""},"categories":[6],"tags":[],"class_list":["post-39034","post","type-post","status-publish","format-standard","has-post-thumbnail","hentry","category-noticias"],"_links":{"self":[{"href":"https:\/\/www.sincomam.org.br\/index.php\/wp-json\/wp\/v2\/posts\/39034","targetHints":{"allow":["GET"]}}],"collection":[{"href":"https:\/\/www.sincomam.org.br\/index.php\/wp-json\/wp\/v2\/posts"}],"about":[{"href":"https:\/\/www.sincomam.org.br\/index.php\/wp-json\/wp\/v2\/types\/post"}],"author":[{"embeddable":true,"href":"https:\/\/www.sincomam.org.br\/index.php\/wp-json\/wp\/v2\/users\/1527"}],"replies":[{"embeddable":true,"href":"https:\/\/www.sincomam.org.br\/index.php\/wp-json\/wp\/v2\/comments?post=39034"}],"version-history":[{"count":1,"href":"https:\/\/www.sincomam.org.br\/index.php\/wp-json\/wp\/v2\/posts\/39034\/revisions"}],"predecessor-version":[{"id":39036,"href":"https:\/\/www.sincomam.org.br\/index.php\/wp-json\/wp\/v2\/posts\/39034\/revisions\/39036"}],"wp:featuredmedia":[{"embeddable":true,"href":"https:\/\/www.sincomam.org.br\/index.php\/wp-json\/wp\/v2\/media\/39035"}],"wp:attachment":[{"href":"https:\/\/www.sincomam.org.br\/index.php\/wp-json\/wp\/v2\/media?parent=39034"}],"wp:term":[{"taxonomy":"category","embeddable":true,"href":"https:\/\/www.sincomam.org.br\/index.php\/wp-json\/wp\/v2\/categories?post=39034"},{"taxonomy":"post_tag","embeddable":true,"href":"https:\/\/www.sincomam.org.br\/index.php\/wp-json\/wp\/v2\/tags?post=39034"}],"curies":[{"name":"wp","href":"https:\/\/api.w.org\/{rel}","templated":true}]}}