{"id":39020,"date":"2022-05-02T10:49:44","date_gmt":"2022-05-02T13:49:44","guid":{"rendered":"http:\/\/www.sincomam.org.br\/?p=39020"},"modified":"2022-05-02T10:49:44","modified_gmt":"2022-05-02T13:49:44","slug":"inss-comeca-a-pagar-13o-para-aposentados-e-pensionistas-que-recebem-mais-de-1-salario-minimo","status":"publish","type":"post","link":"https:\/\/www.sincomam.org.br\/index.php\/inss-comeca-a-pagar-13o-para-aposentados-e-pensionistas-que-recebem-mais-de-1-salario-minimo\/","title":{"rendered":"INSS come\u00e7a a pagar 13\u00ba para aposentados e pensionistas que recebem mais de 1 sal\u00e1rio m\u00ednimo"},"content":{"rendered":"<p>O Instituto Nacional do Seguro Social (INSS) come\u00e7a a pagar nesta segunda-feira (2) a primeira parcela do 13\u00ba aos aposentados e pensionistas que recebem acima de um sal\u00e1rio m\u00ednimo.<\/p>\n<p>Os primeiros a receber, j\u00e1 nesta segunda, s\u00e3o os que possuem os n\u00fameros 1 e 6 como o d\u00edgito final do cart\u00e3o. Os pagamentos ser\u00e3o feitos junto com os benef\u00edcios referentes a abril.<\/p>\n<p>Tamb\u00e9m recebem, nesta segunda, os benefici\u00e1rios que recebem 1 sal\u00e1rio m\u00ednimo e possuem 6 como n\u00famero final do cart\u00e3o de benef\u00edcio (sem considerar o \u00faltimo d\u00edgito verificador, que aparece depois do tra\u00e7o).<\/p>\n<p>A segunda parcela do 13\u00ba ser\u00e1 liberada para estes grupos no dia 1\u00ba de junho. Os aposentados e pensionistas do INSS come\u00e7aram a receber o 13\u00ba adiantado na \u00faltima segunda-feira (25). At\u00e9 sexta-feira (6), mais de 31 milh\u00f5es de segurados receber\u00e3o a primeira parcela.<\/p>\n<p>O decreto com a antecipa\u00e7\u00e3o do benef\u00edcio foi assinado em mar\u00e7o. Este ser\u00e1 o 3\u00ba ano seguido em que os segurados do INSS receber\u00e3o o 13\u00ba antes das datas tradicionais, em agosto e dezembro.<\/p>\n<p>A maioria receber\u00e1 50% do d\u00e9cimo terceiro na primeira parcela. A exce\u00e7\u00e3o \u00e9 para quem passou a receber o benef\u00edcio depois de janeiro e ter\u00e1 o valor calculado proporcionalmente.<\/p>\n<p><strong>Quem recebe<\/strong><br \/>\nAtualmente, s\u00e3o mais de 36 milh\u00f5es de pessoas com direitos a benef\u00edcios do INSS no pa\u00eds \u2013 mais de 60% recebem um sal\u00e1rio m\u00ednimo.<\/p>\n<p>Para quem ganha o benef\u00edcio no valor do sal\u00e1rio m\u00ednimo, o piso nacional passou para R$ 1.212 desde 1\u00ba de janeiro. Por lei, aposentadorias, aux\u00edlio-doen\u00e7a, aux\u00edlio-reclus\u00e3o e pens\u00e3o por morte pagas pelo INSS n\u00e3o podem ser inferiores a 1 sal\u00e1rio m\u00ednimo.<\/p>\n<p>J\u00e1 os aposentados e pensionistas que recebem benef\u00edcios acima do sal\u00e1rio m\u00ednimo tiveram reajuste de 10,16% na remunera\u00e7\u00e3o \u2013 o teto dos benef\u00edcios do INSS passou de R$ 6.433,57 para R$ 7.087,22.<\/p>\n<p>Como consultar os benef\u00edcios<br \/>\nUma maneira simples de fazer a consulta dos benef\u00edcios do INSS \u00e9 atrav\u00e9s da central de atendimento por telefone, no n\u00famero 135. Ao ligar, informe o n\u00famero do CPF e confirme algumas informa\u00e7\u00f5es cadastrais, de forma a evitar fraudes. O atendimento est\u00e1 dispon\u00edvel de segunda a s\u00e1bado, das 7h \u00e0s 22h;<br \/>\nO segurado pode acessar o site Meu INSS, que re\u00fane diversos servi\u00e7os digitais do INSS. Ap\u00f3s fazer o login, na tela inicial, clique no servi\u00e7o de &#8220;Extrato de Pagamento&#8221; e voc\u00ea ter\u00e1 acesso ao seu extrato e todos os detalhes sobre o pagamento do benef\u00edcio;<br \/>\nA consulta do benef\u00edcio tamb\u00e9m pode ser feita pelo aplicativo Meu INSS, dispon\u00edvel para download para Android e iOS. Assim como no acesso pelo site, de in\u00edcio, \u00e9 necess\u00e1rio fazer o login, e ent\u00e3o, todos os servi\u00e7os dispon\u00edveis e hist\u00f3rico das informa\u00e7\u00f5es do benefici\u00e1rio ser\u00e3o listados.<\/p>\n<p>Fonte: G1<\/p>\n","protected":false},"excerpt":{"rendered":"<p>O Instituto Nacional do Seguro Social (INSS) come\u00e7a a pagar nesta segunda-feira (2) a primeira parcela do 13\u00ba aos aposentados e pensionistas que recebem acima&#8230;<\/p>\n","protected":false},"author":1527,"featured_media":29325,"comment_status":"closed","ping_status":"closed","sticky":false,"template":"","format":"standard","meta":{"footnotes":""},"categories":[6],"tags":[],"class_list":["post-39020","post","type-post","status-publish","format-standard","has-post-thumbnail","hentry","category-noticias"],"_links":{"self":[{"href":"https:\/\/www.sincomam.org.br\/index.php\/wp-json\/wp\/v2\/posts\/39020","targetHints":{"allow":["GET"]}}],"collection":[{"href":"https:\/\/www.sincomam.org.br\/index.php\/wp-json\/wp\/v2\/posts"}],"about":[{"href":"https:\/\/www.sincomam.org.br\/index.php\/wp-json\/wp\/v2\/types\/post"}],"author":[{"embeddable":true,"href":"https:\/\/www.sincomam.org.br\/index.php\/wp-json\/wp\/v2\/users\/1527"}],"replies":[{"embeddable":true,"href":"https:\/\/www.sincomam.org.br\/index.php\/wp-json\/wp\/v2\/comments?post=39020"}],"version-history":[{"count":1,"href":"https:\/\/www.sincomam.org.br\/index.php\/wp-json\/wp\/v2\/posts\/39020\/revisions"}],"predecessor-version":[{"id":39021,"href":"https:\/\/www.sincomam.org.br\/index.php\/wp-json\/wp\/v2\/posts\/39020\/revisions\/39021"}],"wp:featuredmedia":[{"embeddable":true,"href":"https:\/\/www.sincomam.org.br\/index.php\/wp-json\/wp\/v2\/media\/29325"}],"wp:attachment":[{"href":"https:\/\/www.sincomam.org.br\/index.php\/wp-json\/wp\/v2\/media?parent=39020"}],"wp:term":[{"taxonomy":"category","embeddable":true,"href":"https:\/\/www.sincomam.org.br\/index.php\/wp-json\/wp\/v2\/categories?post=39020"},{"taxonomy":"post_tag","embeddable":true,"href":"https:\/\/www.sincomam.org.br\/index.php\/wp-json\/wp\/v2\/tags?post=39020"}],"curies":[{"name":"wp","href":"https:\/\/api.w.org\/{rel}","templated":true}]}}