{"id":39017,"date":"2022-05-02T10:45:38","date_gmt":"2022-05-02T13:45:38","guid":{"rendered":"http:\/\/www.sincomam.org.br\/?p=39017"},"modified":"2022-05-02T10:45:38","modified_gmt":"2022-05-02T13:45:38","slug":"marinha-e-fab-apoiam-policia-federal-e-interceptam-embarcacao-que-navegava-na-costa-brasileira","status":"publish","type":"post","link":"https:\/\/www.sincomam.org.br\/index.php\/marinha-e-fab-apoiam-policia-federal-e-interceptam-embarcacao-que-navegava-na-costa-brasileira\/","title":{"rendered":"Marinha e FAB apoiam Pol\u00edcia Federal e interceptam embarca\u00e7\u00e3o que navegava na costa brasileira"},"content":{"rendered":"<p>A Marinha do Brasil (MB) informa que, entre a \u00faltima quinta-feira (28\/04) e hoje, domingo (01\/05), participou, em conjunto com a For\u00e7a A\u00e9rea Brasileira (FAB), do apoio a uma opera\u00e7\u00e3o da Pol\u00edcia Federal, com o prop\u00f3sito de interceptar uma embarca\u00e7\u00e3o que navegava na costa brasileira, com suspeita de tr\u00e1fico de drogas, e, se necess\u00e1rio, apres\u00e1-la.<\/p>\n<p>O Comando do 1\u00ba Distrito Naval deslocou o Navio-Patrulha Oce\u00e2nico<strong>\u00a0\u201cApa\u201d<\/strong>, subordinado ao Comando do Grupamento de Patrulha Naval do Sudeste, e planejou a intercepta\u00e7\u00e3o da embarca\u00e7\u00e3o, com o apoio de uma aeronave\u00a0<strong>P-3AM \u201cOrion\u201d<\/strong>, do 1\u00ba Esquadr\u00e3o do 7\u00ba Grupo de Avia\u00e7\u00e3o da FAB. Estavam embarcados no\u00a0<strong>NPaOc \u201cApa\u201d<\/strong>: Agentes da Pol\u00edcia Federal, um Destacamento de Abordagem do Grupamento de Mergulhadores de Combate e militares do Grupamento de Fuzileiros Navais do Rio de Janeiro.<\/p>\n<p>O Navio-Patrulha Oce\u00e2nico\u00a0<strong>\u201cApa\u201d<\/strong>\u00a0desatracou da Base Naval do Rio de Janeiro, na quinta-feira (28\/04), e demandou um ponto de intercepta\u00e7\u00e3o do rebocador de bandeira brasileira, a 220 milhas n\u00e1uticas (aproximadamente 407 km) da costa. O rebocador foi interceptado na tarde da sexta-feira (29\/04) e, ap\u00f3s a abordagem, foi constatado que transportava uma carga de drogas.<\/p>\n<p>As sete pessoas que estavam a bordo foram apreendidas pelos Agentes da Pol\u00edcia Federal e o Grupo de Presa do\u00a0<strong>NPaOc \u201cApa\u201d<\/strong>\u00a0assumiu o controle do rebocador e iniciou o tr\u00e2nsito para o Rio de Janeiro.<\/p>\n<p>Neste domingo (01\/05), ap\u00f3s a atraca\u00e7\u00e3o no Rio de Janeiro, tanto os presos quanto o rebocador e sua carga foram entregues \u00e0 Superintend\u00eancia Regional da Pol\u00edcia Federal no Rio de Janeiro, que est\u00e1 conduzindo as investiga\u00e7\u00f5es.<\/p>\n<p>Fonte: Marinha do Brasil<\/p>\n","protected":false},"excerpt":{"rendered":"<p>A Marinha do Brasil (MB) informa que, entre a \u00faltima quinta-feira (28\/04) e hoje, domingo (01\/05), participou, em conjunto com a For\u00e7a A\u00e9rea Brasileira (FAB),&#8230;<\/p>\n","protected":false},"author":1527,"featured_media":39018,"comment_status":"closed","ping_status":"closed","sticky":false,"template":"","format":"standard","meta":{"footnotes":""},"categories":[6],"tags":[],"class_list":["post-39017","post","type-post","status-publish","format-standard","has-post-thumbnail","hentry","category-noticias"],"_links":{"self":[{"href":"https:\/\/www.sincomam.org.br\/index.php\/wp-json\/wp\/v2\/posts\/39017","targetHints":{"allow":["GET"]}}],"collection":[{"href":"https:\/\/www.sincomam.org.br\/index.php\/wp-json\/wp\/v2\/posts"}],"about":[{"href":"https:\/\/www.sincomam.org.br\/index.php\/wp-json\/wp\/v2\/types\/post"}],"author":[{"embeddable":true,"href":"https:\/\/www.sincomam.org.br\/index.php\/wp-json\/wp\/v2\/users\/1527"}],"replies":[{"embeddable":true,"href":"https:\/\/www.sincomam.org.br\/index.php\/wp-json\/wp\/v2\/comments?post=39017"}],"version-history":[{"count":1,"href":"https:\/\/www.sincomam.org.br\/index.php\/wp-json\/wp\/v2\/posts\/39017\/revisions"}],"predecessor-version":[{"id":39019,"href":"https:\/\/www.sincomam.org.br\/index.php\/wp-json\/wp\/v2\/posts\/39017\/revisions\/39019"}],"wp:featuredmedia":[{"embeddable":true,"href":"https:\/\/www.sincomam.org.br\/index.php\/wp-json\/wp\/v2\/media\/39018"}],"wp:attachment":[{"href":"https:\/\/www.sincomam.org.br\/index.php\/wp-json\/wp\/v2\/media?parent=39017"}],"wp:term":[{"taxonomy":"category","embeddable":true,"href":"https:\/\/www.sincomam.org.br\/index.php\/wp-json\/wp\/v2\/categories?post=39017"},{"taxonomy":"post_tag","embeddable":true,"href":"https:\/\/www.sincomam.org.br\/index.php\/wp-json\/wp\/v2\/tags?post=39017"}],"curies":[{"name":"wp","href":"https:\/\/api.w.org\/{rel}","templated":true}]}}