{"id":38988,"date":"2022-04-29T01:26:45","date_gmt":"2022-04-29T04:26:45","guid":{"rendered":"http:\/\/www.sincomam.org.br\/?p=38988"},"modified":"2022-04-29T01:26:45","modified_gmt":"2022-04-29T04:26:45","slug":"marinha-realiza-treinamento-para-operacoes-de-paz","status":"publish","type":"post","link":"https:\/\/www.sincomam.org.br\/index.php\/marinha-realiza-treinamento-para-operacoes-de-paz\/","title":{"rendered":"Marinha realiza treinamento para Opera\u00e7\u00f5es de Paz"},"content":{"rendered":"<p>A Marinha do Brasil (MB), por meio da For\u00e7a de Fuzileiros da Esquadra, realiza de 25 a 29 de abril, no Complexo Naval da Ilha do Governador-RJ, novo treinamento de \u201cFor\u00e7a de Paz de Emprego R\u00e1pido\u201d, com o prop\u00f3sito de manter, sempre no mais elevado n\u00edvel de prontid\u00e3o operativa, as capacidades necess\u00e1rias ao emprego dos Grupamentos Operativos de Fuzileiros Navais em miss\u00f5es de paz.<\/p>\n<p>As seguintes atividades est\u00e3o planejadas para o dia: ambienta\u00e7\u00e3o sobre o tema, formatura com todos os militares e equipamentos empregados, visita \u00e0s instala\u00e7\u00f5es do Centro de Opera\u00e7\u00f5es de Paz de Car\u00e1ter Naval (COpPazNav), visita \u00e0 Base de Opera\u00e7\u00f5es Tempor\u00e1rias (TOB), a\u00e7\u00f5es humanit\u00e1rias com emprego da Equipe de Engajamento (formada por 50% de militares do sexo feminino), progress\u00e3o em ambiente urbano com tiro t\u00e1tico e muni\u00e7\u00e3o real, dentre outras a\u00e7\u00f5es.<\/p>\n<p>Em 2021, a MB recebeu uma Visita de Avalia\u00e7\u00e3o e Assessoramento (AAV) da Organiza\u00e7\u00e3o das Na\u00e7\u00f5es Unidas (ONU). Como resultado da visita o Grupamento Operativo de Fuzileiros Navais de For\u00e7a de Paz de Emprego R\u00e1pido foi elevado ao n\u00edvel dois do Sistema de Prontid\u00e3o de Capacidades de Manuten\u00e7\u00e3o da Paz das Na\u00e7\u00f5es Unidas (UNPCRS). Na ocasi\u00e3o, o relat\u00f3rio final da ONU destacou: \u201cOs Fuzileiros Navais do Brasil possuem mentalidade expedicion\u00e1ria, m\u00f3vel e \u00e1gil;altos padr\u00f5es de prontid\u00e3o operativa e de pessoal; forte comando e controle; elevada moral e disciplina e s\u00e3o bem treinados\u201d.<\/p>\n<p>Este ano, ap\u00f3s an\u00e1lise da documenta\u00e7\u00e3o necess\u00e1ria, a ONU elevou este grupamento ao n\u00edvel tr\u00eas do UNPCRS, o mais elevado. Com o an\u00fancio, a tropa da MB passou a ser a primeira do Estado brasileiro a ocupar uma posi\u00e7\u00e3o neste n\u00edvel, contribuindo diretamente para um futuro emprego das tropas em miss\u00f5es de paz da ONU.<\/p>\n<div class=\"widget_text awac-wrapper\">Fonte: Defesa Aero Naval<\/div>\n","protected":false},"excerpt":{"rendered":"<p>A Marinha do Brasil (MB), por meio da For\u00e7a de Fuzileiros da Esquadra, realiza de 25 a 29 de abril, no Complexo Naval da Ilha&#8230;<\/p>\n","protected":false},"author":1527,"featured_media":38989,"comment_status":"closed","ping_status":"closed","sticky":false,"template":"","format":"standard","meta":{"footnotes":""},"categories":[6],"tags":[],"class_list":["post-38988","post","type-post","status-publish","format-standard","has-post-thumbnail","hentry","category-noticias"],"_links":{"self":[{"href":"https:\/\/www.sincomam.org.br\/index.php\/wp-json\/wp\/v2\/posts\/38988","targetHints":{"allow":["GET"]}}],"collection":[{"href":"https:\/\/www.sincomam.org.br\/index.php\/wp-json\/wp\/v2\/posts"}],"about":[{"href":"https:\/\/www.sincomam.org.br\/index.php\/wp-json\/wp\/v2\/types\/post"}],"author":[{"embeddable":true,"href":"https:\/\/www.sincomam.org.br\/index.php\/wp-json\/wp\/v2\/users\/1527"}],"replies":[{"embeddable":true,"href":"https:\/\/www.sincomam.org.br\/index.php\/wp-json\/wp\/v2\/comments?post=38988"}],"version-history":[{"count":1,"href":"https:\/\/www.sincomam.org.br\/index.php\/wp-json\/wp\/v2\/posts\/38988\/revisions"}],"predecessor-version":[{"id":38990,"href":"https:\/\/www.sincomam.org.br\/index.php\/wp-json\/wp\/v2\/posts\/38988\/revisions\/38990"}],"wp:featuredmedia":[{"embeddable":true,"href":"https:\/\/www.sincomam.org.br\/index.php\/wp-json\/wp\/v2\/media\/38989"}],"wp:attachment":[{"href":"https:\/\/www.sincomam.org.br\/index.php\/wp-json\/wp\/v2\/media?parent=38988"}],"wp:term":[{"taxonomy":"category","embeddable":true,"href":"https:\/\/www.sincomam.org.br\/index.php\/wp-json\/wp\/v2\/categories?post=38988"},{"taxonomy":"post_tag","embeddable":true,"href":"https:\/\/www.sincomam.org.br\/index.php\/wp-json\/wp\/v2\/tags?post=38988"}],"curies":[{"name":"wp","href":"https:\/\/api.w.org\/{rel}","templated":true}]}}