{"id":38965,"date":"2022-04-28T09:23:26","date_gmt":"2022-04-28T12:23:26","guid":{"rendered":"http:\/\/www.sincomam.org.br\/?p=38965"},"modified":"2022-04-28T09:23:26","modified_gmt":"2022-04-28T12:23:26","slug":"governo-divulga-o-valor-do-salario-minimo-para-2023-e-2024","status":"publish","type":"post","link":"https:\/\/www.sincomam.org.br\/index.php\/governo-divulga-o-valor-do-salario-minimo-para-2023-e-2024\/","title":{"rendered":"Governo divulga o valor do sal\u00e1rio m\u00ednimo para 2023 e 2024"},"content":{"rendered":"<p>O Governo Federal estima que o sal\u00e1rio m\u00ednimo que atualmente est\u00e1 no valor de R$ 1.212, ter\u00e1 um aumento de R$ 82,00 para para o ano que vem, ficando no valor de 1.294. Isso se deve ao reajuste de 6,70% do INPC (\u00cdndice Nacional de Pre\u00e7os ao Consumidor).<\/p>\n<p>Para o ano de 2024, o governo prev\u00ea um sal\u00e1rio m\u00ednimo no valor de R$ 1.337 e para 2025, o valor do piso nacional dever\u00e1 ser de R$ R$ 1.378.<\/p>\n<p>Toda vez que o sal\u00e1rio m\u00ednimo passa por reajuste causa um impacto nos benef\u00edcios pagos pelo Instituto Nacional do Seguro Social (INSS). Tamb\u00e9m interfere no valor que ser\u00e1 pago no seguro-desemprego, abono salarial PIS\/Pasep e no BPC (Benef\u00edcio de Presta\u00e7\u00e3o Continuada).<\/p>\n<p>Segundo o INSS, atualmente mais de 36 milh\u00f5es de segurados s\u00e3o favorecidos por benef\u00edcios, sendo que 24 milh\u00f5es recebem um sal\u00e1rio m\u00ednimo mensalmente e 12 milh\u00f5es recebem um valor acima do sal\u00e1rio m\u00ednimo.<\/p>\n<p>O reajuste do m\u00ednimo interfere tamb\u00e9m no teto do INSS, de acordo com o valor estimado pelo governo para 2023, o teto do INSS dever\u00e1 ficar em R$ 7.168,22.<\/p>\n<p><strong>Como ficam os valores do BPC e seguro-desemprego?<\/strong><br \/>\nO Benef\u00edcio de Presta\u00e7\u00e3o Continuada (BPC) destinado para as pessoas de baixa renda recebe um valor mensal de um sal\u00e1rio m\u00ednimo, neste caso com as atuais estimativas, no ano que vem o valor que ser\u00e1 pago por m\u00eas ser\u00e1 de R$ 1.294.<\/p>\n<p>Ter\u00e3o drieito ao BPC as pessoas com 65 anos ou mais e as pessoas com defici\u00eancia (que cause impedimento de longa dura\u00e7\u00e3o por pelo menos 2 anos, que pode ser f\u00edsico, mental, intelectual ou sensorial).<\/p>\n<p><strong>Seguro-desemprego<\/strong><br \/>\nO Seguro-Desemprego \u00e9 um dos benef\u00edcios da Seguridade Social e tem a finalidade de garantir assist\u00eancia financeira tempor\u00e1ria ao trabalhador dispensado sem justa causa. O valor a ser disponibilizado ser\u00e1 equivalente ao sal\u00e1rio m\u00ednimo. Desta forma, sempre ser\u00e1 liberado de acordo com sal\u00e1rio m\u00ednimo vigente.<\/p>\n<p>As parcelas do seguro-desemprego poder\u00e1 variar entre 3 a 5 parcelas, isso dependendo da quantidade de vezes que voc\u00ea j\u00e1 solicitou o benef\u00edcio. Para saber o valor que voc\u00ea ir\u00e1 receber, basta considerar a m\u00e9dia dos tr\u00eas \u00faltimos sal\u00e1rios recebidos por voc\u00ea.<\/p>\n<p><strong>Abono salarial PIS\/Pasep<\/strong><br \/>\nO abono salarial \u00e9 pago ao trabalhador com carteira assinada uma vez por ano, e o valor a ser pago depender\u00e1 da quantidade de meses trabalhados. Quem trabalhou no ano-base durante 12 meses seguidos recebe o valor de um sal\u00e1rio m\u00ednimo. Quando esse per\u00edodo \u00e9 inferior, o valor a ser pago ser\u00e1 proporcional ao tempo trabalhado.<\/p>\n<p>Fonte: Jornal Cont\u00e1bil<\/p>\n","protected":false},"excerpt":{"rendered":"<p>O Governo Federal estima que o sal\u00e1rio m\u00ednimo que atualmente est\u00e1 no valor de R$ 1.212, ter\u00e1 um aumento de R$ 82,00 para para o&#8230;<\/p>\n","protected":false},"author":1527,"featured_media":18209,"comment_status":"closed","ping_status":"closed","sticky":false,"template":"","format":"standard","meta":{"footnotes":""},"categories":[6],"tags":[],"class_list":["post-38965","post","type-post","status-publish","format-standard","has-post-thumbnail","hentry","category-noticias"],"_links":{"self":[{"href":"https:\/\/www.sincomam.org.br\/index.php\/wp-json\/wp\/v2\/posts\/38965","targetHints":{"allow":["GET"]}}],"collection":[{"href":"https:\/\/www.sincomam.org.br\/index.php\/wp-json\/wp\/v2\/posts"}],"about":[{"href":"https:\/\/www.sincomam.org.br\/index.php\/wp-json\/wp\/v2\/types\/post"}],"author":[{"embeddable":true,"href":"https:\/\/www.sincomam.org.br\/index.php\/wp-json\/wp\/v2\/users\/1527"}],"replies":[{"embeddable":true,"href":"https:\/\/www.sincomam.org.br\/index.php\/wp-json\/wp\/v2\/comments?post=38965"}],"version-history":[{"count":1,"href":"https:\/\/www.sincomam.org.br\/index.php\/wp-json\/wp\/v2\/posts\/38965\/revisions"}],"predecessor-version":[{"id":38966,"href":"https:\/\/www.sincomam.org.br\/index.php\/wp-json\/wp\/v2\/posts\/38965\/revisions\/38966"}],"wp:featuredmedia":[{"embeddable":true,"href":"https:\/\/www.sincomam.org.br\/index.php\/wp-json\/wp\/v2\/media\/18209"}],"wp:attachment":[{"href":"https:\/\/www.sincomam.org.br\/index.php\/wp-json\/wp\/v2\/media?parent=38965"}],"wp:term":[{"taxonomy":"category","embeddable":true,"href":"https:\/\/www.sincomam.org.br\/index.php\/wp-json\/wp\/v2\/categories?post=38965"},{"taxonomy":"post_tag","embeddable":true,"href":"https:\/\/www.sincomam.org.br\/index.php\/wp-json\/wp\/v2\/tags?post=38965"}],"curies":[{"name":"wp","href":"https:\/\/api.w.org\/{rel}","templated":true}]}}