{"id":3894,"date":"2014-02-27T10:00:54","date_gmt":"2014-02-27T13:00:54","guid":{"rendered":"http:\/\/www.sincomam.org.br\/?p=3894"},"modified":"2014-02-27T10:00:54","modified_gmt":"2014-02-27T13:00:54","slug":"stj-suspende-andamento-de-acoes-que-pedem-correcao-do-fgts","status":"publish","type":"post","link":"https:\/\/www.sincomam.org.br\/index.php\/stj-suspende-andamento-de-acoes-que-pedem-correcao-do-fgts\/","title":{"rendered":"STJ suspende andamento de a\u00e7\u00f5es que pedem corre\u00e7\u00e3o do FGTS"},"content":{"rendered":"<p><b><i>Tribunal estima que haja 50 mil a\u00e7\u00f5es sobre o tema em todo o pa\u00eds<\/i><\/b><\/p>\n<p>O ministro Benedito Gon\u00e7alves, do Superior Tribunal de Justi\u00e7a (STJ), decidiu suspender o andamento de todas as a\u00e7\u00f5es relativas \u00e0 corre\u00e7\u00e3o das contas do Fundo de Garantia do Tempo de Servi\u00e7o (FGTS). A decis\u00e3o foi tomada na ter\u00e7a-feira (25) e publicada nesta quarta (26).<\/p>\n<p>Segundo o processo, estima-se 50 mil processos sobre o tema em todo o pa\u00eds. As a\u00e7\u00f5es questionam a corre\u00e7\u00e3o das contas pela Taxa Referencial (TR) e pedem a aplica\u00e7\u00e3o de \u00edndices inflacion\u00e1rios.<\/p>\n<p>Conforme a decis\u00e3o do STJ, ficam paralisados todos os processos individuais e coletivos que tenham sido protocolados em quaisquer inst\u00e2ncias da Justi\u00e7a Federal ou da Justi\u00e7a nos estados at\u00e9 que a primeira se\u00e7\u00e3o do STJ julgue um recurso que chegou ao tribunal e que foi considerado de &#8220;controv\u00e9rsia repetitiva&#8221;.<\/p>\n<p>O ministro Benedito Gon\u00e7alves afirmou que a suspens\u00e3o do andamento das a\u00e7\u00f5es visa a evitar &#8220;inseguran\u00e7a jur\u00eddica&#8221; em rela\u00e7\u00e3o ao tema, j\u00e1 que os processos est\u00e3o em diversos tribunais.<\/p>\n<p>O recurso que ser\u00e1 julgado pelo STJ ser\u00e1 agora avaliado pelo Minist\u00e9rio P\u00fablico Federal, que ter\u00e1 15 dias para dar um parecer. Depois, o relator levar\u00e1 o caso para julgamento da primeira se\u00e7\u00e3o, que re\u00fane dez ministros do STJ que tratam de direito p\u00fablico.<\/p>\n<p>A turma colegiada do tribunal superior ir\u00e1 analisar se as contas do FGTS devem ser corrigidas pela infla\u00e7\u00e3o, em vez da TR, como reivindicam os autores das a\u00e7\u00f5es. Mesmo se os ministros do STJ vierem a considerar ilegais os reajustes pela Taxa Referencial, ainda caber\u00e1 \u00e0 Caixa recorrer ao Supremo Tribunal Federal (STF), que dar\u00e1 a \u00faltima palavra sobre o tema. A decis\u00e3o do STF ter\u00e1 de ser observada pelas demais inst\u00e2ncias do Judici\u00e1rio.<\/p>\n<p>Uma a\u00e7\u00e3o j\u00e1 foi protocolada no Supremo pedindo a corre\u00e7\u00e3o do FGTS pela infla\u00e7\u00e3o, mas n\u00e3o h\u00e1 previs\u00e3o de julgamento. Apesar de o STJ ter mandado paralisar o andamento dos processos, a palavra final sobre como deve ser a corre\u00e7\u00e3o das contas do FGTS ser\u00e1 do STF.<\/p>\n<p>Fonte: G1<\/p>\n","protected":false},"excerpt":{"rendered":"<p>Tribunal estima que haja 50 mil a\u00e7\u00f5es sobre o tema em todo o pa\u00eds O ministro Benedito Gon\u00e7alves, do Superior Tribunal de Justi\u00e7a (STJ), decidiu&#8230;<\/p>\n","protected":false},"author":1182,"featured_media":3898,"comment_status":"closed","ping_status":"closed","sticky":false,"template":"","format":"standard","meta":{"footnotes":""},"categories":[6],"tags":[596,391,595,517],"class_list":["post-3894","post","type-post","status-publish","format-standard","has-post-thumbnail","hentry","category-noticias","tag-acao-judicial","tag-fgts","tag-stj","tag-suspensao"],"_links":{"self":[{"href":"https:\/\/www.sincomam.org.br\/index.php\/wp-json\/wp\/v2\/posts\/3894","targetHints":{"allow":["GET"]}}],"collection":[{"href":"https:\/\/www.sincomam.org.br\/index.php\/wp-json\/wp\/v2\/posts"}],"about":[{"href":"https:\/\/www.sincomam.org.br\/index.php\/wp-json\/wp\/v2\/types\/post"}],"author":[{"embeddable":true,"href":"https:\/\/www.sincomam.org.br\/index.php\/wp-json\/wp\/v2\/users\/1182"}],"replies":[{"embeddable":true,"href":"https:\/\/www.sincomam.org.br\/index.php\/wp-json\/wp\/v2\/comments?post=3894"}],"version-history":[{"count":1,"href":"https:\/\/www.sincomam.org.br\/index.php\/wp-json\/wp\/v2\/posts\/3894\/revisions"}],"predecessor-version":[{"id":3899,"href":"https:\/\/www.sincomam.org.br\/index.php\/wp-json\/wp\/v2\/posts\/3894\/revisions\/3899"}],"wp:featuredmedia":[{"embeddable":true,"href":"https:\/\/www.sincomam.org.br\/index.php\/wp-json\/wp\/v2\/media\/3898"}],"wp:attachment":[{"href":"https:\/\/www.sincomam.org.br\/index.php\/wp-json\/wp\/v2\/media?parent=3894"}],"wp:term":[{"taxonomy":"category","embeddable":true,"href":"https:\/\/www.sincomam.org.br\/index.php\/wp-json\/wp\/v2\/categories?post=3894"},{"taxonomy":"post_tag","embeddable":true,"href":"https:\/\/www.sincomam.org.br\/index.php\/wp-json\/wp\/v2\/tags?post=3894"}],"curies":[{"name":"wp","href":"https:\/\/api.w.org\/{rel}","templated":true}]}}