{"id":38925,"date":"2022-04-27T00:19:18","date_gmt":"2022-04-27T03:19:18","guid":{"rendered":"http:\/\/www.sincomam.org.br\/?p=38925"},"modified":"2022-04-27T00:19:18","modified_gmt":"2022-04-27T03:19:18","slug":"fgts-liberado-saque-de-ate-r-2-900-a-partir-de-maio","status":"publish","type":"post","link":"https:\/\/www.sincomam.org.br\/index.php\/fgts-liberado-saque-de-ate-r-2-900-a-partir-de-maio\/","title":{"rendered":"FGTS: liberado saque de at\u00e9 R$ 2.900 a partir de maio"},"content":{"rendered":"<p data-fetch=\"true\">O FGTS (Fundo de Garantia do Tempo de Servi\u00e7o) vai permitir que o trabalhador realize um saque de at\u00e9 R$ 2.900,00 a partir de maio, atrav\u00e9s do saque-anivers\u00e1rio. Neste caso, ter\u00e3o direito ao saque os nascidos em maio.<\/p>\n<div id=\"jorna-1921743222\" class=\"jorna-aftter-first\"><\/div>\n<p>O trabalhador que aderir ao saque-anivers\u00e1rio vai poder retirar uma parte do saldo de sua conta no FGTS, anualmente, no m\u00eas de seu anivers\u00e1rio. Dependendo do caso, \u00e9 acrescida uma parcela adicional. Lembrando que o valor vai ser liberado de acordo com o saldo dispon\u00edvel na conta vinculada ao Fundo de Garantia.<\/p>\n<p>&nbsp;<\/p>\n<p><em><strong>Confira a tabela do limite de faixas de saldo que possibilita o saque-anivers\u00e1rio de acordo com o saldo dispon\u00edvel:<\/strong><\/em><\/p>\n<figure class=\"wp-block-table\">\n<table>\n<tbody>\n<tr>\n<td><strong>Faixas de Saldo \u2013 R$<\/strong><\/td>\n<td><strong>Al\u00edquota de saque<\/strong><\/td>\n<td><strong>Parcela Adicional<\/strong><\/td>\n<\/tr>\n<tr>\n<td>At\u00e9 R$ 500<\/td>\n<td>50%<\/td>\n<td>R$ 0,00<\/td>\n<\/tr>\n<tr>\n<td>De 500,01 at\u00e9 1.000<\/td>\n<td>40%<\/td>\n<td>R$ 50,00<\/td>\n<\/tr>\n<tr>\n<td>De 1.000,01 at\u00e9 5.000<\/td>\n<td>30%<\/td>\n<td>R$ 150,00<\/td>\n<\/tr>\n<tr>\n<td>De 5.000,01 at\u00e9 10.000<\/td>\n<td>20%<\/td>\n<td>R$ 650,00<\/td>\n<\/tr>\n<tr>\n<td>De 10.000,01 at\u00e9 15.000<\/td>\n<td>15%<\/td>\n<td>R$ 1.150,00<\/td>\n<\/tr>\n<tr>\n<td>De 15.000,01 at\u00e9 20.000<\/td>\n<td>10%<\/td>\n<td>R$ 1.900,00<\/td>\n<\/tr>\n<tr>\n<td>Acima de 20.000,01<\/td>\n<td>5%<\/td>\n<td>R$ 2.900,00<\/td>\n<\/tr>\n<\/tbody>\n<\/table>\n<\/figure>\n<h2 id=\"h-calendario-saque-aniversario-do-fgts-2022\">Calend\u00e1rio saque-anivers\u00e1rio do FGTS 2022<\/h2>\n<div id=\"P_JORNAL_CONTABIL_INTEXT_02_0\" data-premium=\"\" data-adunit=\"JORNAL_CONTABIL_INTEXT_02\" data-sizes-mobile=\"[[336,280],[300,250],[2,2]]\" data-sizes-desktop=\"[[336,280],[300,250],[2,2]]\" data-type=\"intext\" data-fetch=\"true\" data-google-query-id=\"CJai0Nejs_cCFRzu4wcdUR0GAA\"><\/div>\n<div data-premium=\"\" data-adunit=\"JORNAL_CONTABIL_INTEXT_02\" data-sizes-mobile=\"[[336,280],[300,250],[2,2]]\" data-sizes-desktop=\"[[336,280],[300,250],[2,2]]\" data-type=\"intext\" data-fetch=\"true\" data-google-query-id=\"CJai0Nejs_cCFRzu4wcdUR0GAA\">\n<p data-fetch=\"true\">O calend\u00e1rio de pagamento do saque-anivers\u00e1rio j\u00e1 est\u00e1 disponivel. Ele foi elaborado de acordo com o mesmo de nascimento do trabalhador.No pr\u00f3ximo dia 2, come\u00e7am os repasses para quem faz anivers\u00e1rio em maio.<\/p>\n<div id=\"jorna-1871101558\" class=\"jorna-conteudo_4\">\n<div><\/div>\n<\/div>\n<p><strong>Veja as datas de pagamento<\/strong><\/p>\n<figure class=\"wp-block-table\">\n<table>\n<tbody>\n<tr>\n<td><strong><br \/>\nPer\u00edodo para saque<\/strong><\/td>\n<\/tr>\n<tr>\n<td>Janeiro<\/td>\n<td>de 3 de janeiro a 31 de mar\u00e7o<\/td>\n<\/tr>\n<tr>\n<td>Fevereiro<\/td>\n<td>de 1\u00ba de fevereiro a 29 de abril<\/td>\n<\/tr>\n<tr>\n<td>Mar\u00e7o<\/td>\n<td>de 1\u00ba de mar\u00e7o a 31 de maio<\/td>\n<\/tr>\n<tr>\n<td>Abril<\/td>\n<td>de 1\u00ba de abril a 30 de junho<\/td>\n<\/tr>\n<tr>\n<td>Maio<\/td>\n<td>de 2 de maio a 29 de julho<\/td>\n<\/tr>\n<tr>\n<td>Junho<\/td>\n<td>de 1\u00ba de junho a 31 de agosto<\/td>\n<\/tr>\n<tr>\n<td>Julho<\/td>\n<td>de 1\u00ba de julho a 30 de setembro<\/td>\n<\/tr>\n<tr>\n<td>Agosto<\/td>\n<td>de 1\u00ba de agosto a 28 de outubro<\/td>\n<\/tr>\n<tr>\n<td>Setembro<\/td>\n<td>de 1\u00ba de setembro a 30 de novembro<\/td>\n<\/tr>\n<tr>\n<td>Outubro<\/td>\n<td>de 3 de outubro a 30 de dezembro<\/td>\n<\/tr>\n<tr>\n<td>Novembro<\/td>\n<td>de 1\u00ba de novembro de 2022 a 31 de janeiro de 2023<\/td>\n<\/tr>\n<tr>\n<td>Dezembro<\/td>\n<td>de 1\u00ba de dezembro de 2022 a 28 de fevereiro de 2023<\/td>\n<\/tr>\n<\/tbody>\n<\/table>\n<\/figure>\n<h2>Como aderir ao saque-anivers\u00e1rio do FGTS?<\/h2>\n<p data-fetch=\"true\">Para o trabalhador que deseja aderir ao\u00a0<a href=\"https:\/\/www.jornalcontabil.com.br\/tag\/saque-aniversario-3\/#.YmieSFTMLIU\" target=\"_blank\" rel=\"noreferrer noopener\">saque-anivers\u00e1rio,<\/a>\u00a0poder\u00e1 solicitar atrav\u00e9s do site do FGTS, site da Caixa Econ\u00f4mica Federal, aplicativo FGTS (dispon\u00edvel para Adndroid e iOS).<\/p>\n<div id=\"jorna-803501282\" class=\"jorna-amp-4\"><\/div>\n<p>Ao decidir pela ades\u00e3o ao saque-anivers\u00e1rio, voc\u00ea deixa de fazer parte do saque-rescis\u00e3o, acionado em caso de demiss\u00e3o sem justa causa. Para retornar \u00e0 forma antiga de resgate, com valor integral, \u00e9 preciso aguardar pelo menos 25 meses.<\/p>\n<div id=\"jorna-2057293616\" class=\"jorna-amp-teads\">\n<div><\/div>\n<\/div>\n<p>Tamb\u00e9m quem aderir ao saque-anivers\u00e1rio n\u00e3o poder\u00e1 sacar o FGTS Extraordin\u00e1rio (n\u00e3o poder\u00e3o sacar aqueles que aderiram ao saque-anivers\u00e1rio que pegaram empr\u00e9stimo no banco com garantia do fundo comprometendo todo o saldo para a libera\u00e7\u00e3o do cr\u00e9dito).<\/p>\n<\/div>\n<p>Fonte: Jornal Cont\u00e1bil<\/p>\n","protected":false},"excerpt":{"rendered":"<p>O FGTS (Fundo de Garantia do Tempo de Servi\u00e7o) vai permitir que o trabalhador realize um saque de at\u00e9 R$ 2.900,00 a partir de maio,&#8230;<\/p>\n","protected":false},"author":1527,"featured_media":38609,"comment_status":"closed","ping_status":"closed","sticky":false,"template":"","format":"standard","meta":{"footnotes":""},"categories":[6],"tags":[],"class_list":["post-38925","post","type-post","status-publish","format-standard","has-post-thumbnail","hentry","category-noticias"],"_links":{"self":[{"href":"https:\/\/www.sincomam.org.br\/index.php\/wp-json\/wp\/v2\/posts\/38925","targetHints":{"allow":["GET"]}}],"collection":[{"href":"https:\/\/www.sincomam.org.br\/index.php\/wp-json\/wp\/v2\/posts"}],"about":[{"href":"https:\/\/www.sincomam.org.br\/index.php\/wp-json\/wp\/v2\/types\/post"}],"author":[{"embeddable":true,"href":"https:\/\/www.sincomam.org.br\/index.php\/wp-json\/wp\/v2\/users\/1527"}],"replies":[{"embeddable":true,"href":"https:\/\/www.sincomam.org.br\/index.php\/wp-json\/wp\/v2\/comments?post=38925"}],"version-history":[{"count":1,"href":"https:\/\/www.sincomam.org.br\/index.php\/wp-json\/wp\/v2\/posts\/38925\/revisions"}],"predecessor-version":[{"id":38926,"href":"https:\/\/www.sincomam.org.br\/index.php\/wp-json\/wp\/v2\/posts\/38925\/revisions\/38926"}],"wp:featuredmedia":[{"embeddable":true,"href":"https:\/\/www.sincomam.org.br\/index.php\/wp-json\/wp\/v2\/media\/38609"}],"wp:attachment":[{"href":"https:\/\/www.sincomam.org.br\/index.php\/wp-json\/wp\/v2\/media?parent=38925"}],"wp:term":[{"taxonomy":"category","embeddable":true,"href":"https:\/\/www.sincomam.org.br\/index.php\/wp-json\/wp\/v2\/categories?post=38925"},{"taxonomy":"post_tag","embeddable":true,"href":"https:\/\/www.sincomam.org.br\/index.php\/wp-json\/wp\/v2\/tags?post=38925"}],"curies":[{"name":"wp","href":"https:\/\/api.w.org\/{rel}","templated":true}]}}