{"id":38921,"date":"2022-04-27T00:14:14","date_gmt":"2022-04-27T03:14:14","guid":{"rendered":"http:\/\/www.sincomam.org.br\/?p=38921"},"modified":"2022-04-27T00:16:54","modified_gmt":"2022-04-27T03:16:54","slug":"38921","status":"publish","type":"post","link":"https:\/\/www.sincomam.org.br\/index.php\/38921\/","title":{"rendered":"EPL inicia pesquisa com embarcadores e transportadores de Rond\u00f4nia"},"content":{"rendered":"<p>A Empresa de Planejamento e Log\u00edstica (EPL) iniciou pesquisa para coletar informa\u00e7\u00f5es sobre o perfil dos embarcadores de cargas e de transportadores do estado de Rond\u00f4nia. O trabalho faz parte da elabora\u00e7\u00e3o do \u201cPlano Estadual de Log\u00edstica e Transporte de Rond\u00f4nia \u2013 Pelt-RO&#8221;, que tem o objetivo de guiar o estado no que diz respeito \u00e0s prioridades e necessidades de infraestrutura de transporte.<\/p>\n<p>O plano, desenvolvido em parceria com a Secretaria Estadual de Desenvolvimento Econ\u00f4mico de Rond\u00f4nia, ir\u00e1 apresentar uma vis\u00e3o do futuro e as principais estrat\u00e9gias de interven\u00e7\u00e3o p\u00fablica e privada voltadas \u00e0 articula\u00e7\u00e3o f\u00edsica do estado e \u00e0 reorganiza\u00e7\u00e3o das suas cadeias log\u00edsticas, orientando o desenvolvimento estadual nos pr\u00f3ximos 15 anos.<\/p>\n<p>As perguntas s\u00e3o destinadas aos profissionais da \u00e1rea de log\u00edstica de transporte de empresas de pequeno, m\u00e9dio e grande porte (transportadores e embarcadores de carga) de diversas regi\u00f5es do estado. Os dados permitir\u00e3o o levantamento de informa\u00e7\u00f5es como perfil socioecon\u00f4mico do embarcador, o processo de escolha dos servi\u00e7os oferecidos pelos transportadores, a relev\u00e2ncia dos instrumentos regulat\u00f3rios, o peso, o volume e o valor das cargas movimentadas, al\u00e9m dos crit\u00e9rios para a utiliza\u00e7\u00e3o de outros modos de transporte.<\/p>\n<p>Com base nos resultados obtidos na pesquisa, os t\u00e9cnicos da EPL poder\u00e3o tra\u00e7ar o comportamento da demanda por infraestrutura de transportes em Rond\u00f4nia.<\/p>\n<div class=\"addtoany_container\">Fonte: Portos e Navios<\/div>\n","protected":false},"excerpt":{"rendered":"<p>A Empresa de Planejamento e Log\u00edstica (EPL) iniciou pesquisa para coletar informa\u00e7\u00f5es sobre o perfil dos embarcadores de cargas e de transportadores do estado de&#8230;<\/p>\n","protected":false},"author":1527,"featured_media":38922,"comment_status":"closed","ping_status":"closed","sticky":false,"template":"","format":"standard","meta":{"footnotes":""},"categories":[6],"tags":[],"class_list":["post-38921","post","type-post","status-publish","format-standard","has-post-thumbnail","hentry","category-noticias"],"_links":{"self":[{"href":"https:\/\/www.sincomam.org.br\/index.php\/wp-json\/wp\/v2\/posts\/38921","targetHints":{"allow":["GET"]}}],"collection":[{"href":"https:\/\/www.sincomam.org.br\/index.php\/wp-json\/wp\/v2\/posts"}],"about":[{"href":"https:\/\/www.sincomam.org.br\/index.php\/wp-json\/wp\/v2\/types\/post"}],"author":[{"embeddable":true,"href":"https:\/\/www.sincomam.org.br\/index.php\/wp-json\/wp\/v2\/users\/1527"}],"replies":[{"embeddable":true,"href":"https:\/\/www.sincomam.org.br\/index.php\/wp-json\/wp\/v2\/comments?post=38921"}],"version-history":[{"count":2,"href":"https:\/\/www.sincomam.org.br\/index.php\/wp-json\/wp\/v2\/posts\/38921\/revisions"}],"predecessor-version":[{"id":38924,"href":"https:\/\/www.sincomam.org.br\/index.php\/wp-json\/wp\/v2\/posts\/38921\/revisions\/38924"}],"wp:featuredmedia":[{"embeddable":true,"href":"https:\/\/www.sincomam.org.br\/index.php\/wp-json\/wp\/v2\/media\/38922"}],"wp:attachment":[{"href":"https:\/\/www.sincomam.org.br\/index.php\/wp-json\/wp\/v2\/media?parent=38921"}],"wp:term":[{"taxonomy":"category","embeddable":true,"href":"https:\/\/www.sincomam.org.br\/index.php\/wp-json\/wp\/v2\/categories?post=38921"},{"taxonomy":"post_tag","embeddable":true,"href":"https:\/\/www.sincomam.org.br\/index.php\/wp-json\/wp\/v2\/tags?post=38921"}],"curies":[{"name":"wp","href":"https:\/\/api.w.org\/{rel}","templated":true}]}}