{"id":38918,"date":"2022-04-27T00:12:46","date_gmt":"2022-04-27T03:12:46","guid":{"rendered":"http:\/\/www.sincomam.org.br\/?p=38918"},"modified":"2022-04-27T00:12:46","modified_gmt":"2022-04-27T03:12:46","slug":"consumidor-pagara-r-30-bi-a-fundo-do-setor-eletrico-decide-aneel-alta-na-conta-sera-de-33","status":"publish","type":"post","link":"https:\/\/www.sincomam.org.br\/index.php\/consumidor-pagara-r-30-bi-a-fundo-do-setor-eletrico-decide-aneel-alta-na-conta-sera-de-33\/","title":{"rendered":"Consumidor pagar\u00e1 R$ 30 bi a fundo do setor el\u00e9trico, decide Aneel; alta na conta ser\u00e1 de 3,3%"},"content":{"rendered":"<div class=\"mc-column content-text active-extra-styles active-capital-letter\" data-block-type=\"unstyled\" data-block-weight=\"41\" data-block-id=\"1\">\n<p class=\"content-text__container theme-color-primary-first-letter\" data-track-category=\"Link no Texto\" data-track-links=\"\">A Ag\u00eancia Nacional de Energia El\u00e9trica (Aneel) aprovou nesta ter\u00e7a-feira (26) o or\u00e7amento de 2022 da Conta de Desenvolvimento Energ\u00e9tico. Pela decis\u00e3o, a CDE ter\u00e1\u00a0<strong><span class=\"highlight highlighted\">R$ 32,096 bilh\u00f5es<\/span><\/strong>, dos quais\u00a0<strong><span class=\"highlight highlighted\">R$ 30,219 bilh\u00f5es ser\u00e3o pagos pelos consumidores<\/span><\/strong>\u00a0na conta de luz.<\/p>\n<\/div>\n<div class=\"wall protected-content\">\n<div class=\"mc-column content-text active-extra-styles \" data-block-type=\"unstyled\" data-block-weight=\"36\" data-block-id=\"2\">\n<p class=\"content-text__container \" data-track-category=\"Link no Texto\" data-track-links=\"\">O valor a ser pago pelos consumidores representa\u00a0<strong><span class=\"highlight highlighted\">alta de 54,3%<\/span><\/strong>\u00a0na compara\u00e7\u00e3o com 2021, quando os clientes pagaram R$ 19,581 bilh\u00f5es. Pelas estimativas da ag\u00eancia,\u00a0<strong><span class=\"highlight highlighted\">o aumento m\u00e9dio na conta de luz ser\u00e1 de 3,39%<\/span><\/strong>.<\/p>\n<\/div>\n<div class=\"mc-column content-text active-extra-styles \" data-block-type=\"unstyled\" data-block-weight=\"43\" data-block-id=\"3\">\n<p class=\"content-text__container \" data-track-category=\"Link no Texto\" data-track-links=\"\">A Conta de Desenvolvimento Energ\u00e9tico \u00e9 um fundo usado para bancar a\u00e7\u00f5es e subs\u00eddios concedidos pelo governo no setor de energia. A CDE deve ser utilizada, por exemplo, para garantir a universaliza\u00e7\u00e3o do servi\u00e7o de energia el\u00e9trica no pa\u00eds (<em>leia detalhes mais abaixo<\/em>).<\/p>\n<\/div>\n<div class=\"mc-column content-text active-extra-styles \" data-block-type=\"unstyled\" data-block-weight=\"43\" data-block-id=\"4\">\n<p class=\"content-text__container \" data-track-category=\"Link no Texto\" data-track-links=\"\">O total previsto para a CDE aprovado nesta ter\u00e7a-feira representa\u00a0<strong><span class=\"highlight highlighted\">aumento de 34,2%<\/span><\/strong>\u00a0na compara\u00e7\u00e3o com 2021, quando\u00a0o or\u00e7amento do fundo foi de R$ 23,917 bilh\u00f5es. O or\u00e7amento de 2022 \u00e9 tamb\u00e9m\u00a0<strong><span class=\"highlight highlighted\">o maior valor desde 2003<\/span><\/strong>, quando a CDE foi implementada.<\/p>\n<\/div>\n<div class=\"mc-column content-text active-extra-styles \" data-block-type=\"unstyled\" data-block-weight=\"10\" data-block-id=\"5\">\n<p class=\"content-text__container \" data-track-category=\"Link no Texto\" data-track-links=\"\">Dos R$ 32,096 bilh\u00f5es previstos para a CDE em 2022:<\/p>\n<\/div>\n<div class=\"mc-column content-text active-extra-styles\" data-block-type=\"raw\" data-block-weight=\"40\" data-block-id=\"6\">\n<p class=\"content-text__container\">\n<ul class=\"content-unordered-list\">\n<li><strong>R$ 30,219 bilh\u00f5es<\/strong>\u00a0(94%) v\u00e3o ser\u00a0<strong>pagos pelo consumidor<\/strong>\u00a0em encargo inclu\u00eddo na conta de luz;<\/li>\n<li><strong>R$ 1,877 bilh\u00e3o<\/strong>\u00a0(6%) v\u00e3o ser\u00a0<strong>pagos por outras receitas<\/strong>, entre as quais multas e recursos de programas de pesquisa, desenvolvimento e efici\u00eancia energ\u00e9tica.<\/li>\n<\/ul>\n<div class=\"mc-column content-text active-extra-styles \" data-block-type=\"unstyled\" data-block-weight=\"20\" data-block-id=\"8\">\n<p class=\"content-text__container \" data-track-category=\"Link no Texto\" data-track-links=\"\">O\u00a0<strong><span class=\"highlight highlighted\">aumento no pre\u00e7o dos combust\u00edveis<\/span><\/strong>\u00a0e o\u00a0<strong><span class=\"highlight highlighted\">cadastro autom\u00e1tico da tarifa social de energia<\/span><\/strong>\u00a0influenciaram o aumento deste ano.<\/p>\n<\/div>\n<div class=\"mc-column content-text active-extra-styles \" data-block-type=\"unstyled\" data-block-weight=\"28\" data-block-id=\"9\">\n<p class=\"content-text__container \" data-track-category=\"Link no Texto\" data-track-links=\"\">O governo espera contar com aporte de R$ 5 bilh\u00f5es da Eletrobras se a empresa for privatizada. O Tribunal de Contas da Uni\u00e3o (TCU)\u00a0ainda analisa o processo.<\/p>\n<\/div>\n<div class=\"mc-column content-text active-extra-styles\" data-block-type=\"raw\" data-block-weight=\"2\" data-block-id=\"10\">\n<p class=\"content-text__container\">\n<div class=\"content-intertitle\">\n<h2>Impacto tarif\u00e1rio<\/h2>\n<\/div>\n<p>&nbsp;<\/p>\n<\/div>\n<div class=\"mc-column content-text active-extra-styles \" data-block-type=\"unstyled\" data-block-weight=\"29\" data-block-id=\"11\">\n<p class=\"content-text__container \" data-track-category=\"Link no Texto\" data-track-links=\"\">Segundo a\u00a0Aneel, o chamado impacto tarif\u00e1rio m\u00e9dio, isto \u00e9, o\u00a0<strong><span class=\"highlight highlighted\">aumento m\u00e9dio na conta de luz<\/span><\/strong>, estimado para os consumidores de energia el\u00e9trica ser\u00e1 de\u00a0<strong><span class=\"highlight highlighted\">3,39%<\/span><\/strong>\u00a0neste ano.<\/p>\n<\/div>\n<div class=\"mc-column content-text active-extra-styles \" data-block-type=\"unstyled\" data-block-weight=\"8\" data-block-id=\"12\">\n<p class=\"content-text__container \" data-track-category=\"Link no Texto\" data-track-links=\"\">Pelas estimativas, o aumento m\u00e9dio ser\u00e1 de :<\/p>\n<\/div>\n<div class=\"mc-column content-text active-extra-styles\" data-block-type=\"raw\" data-block-weight=\"18\" data-block-id=\"13\">\n<p class=\"content-text__container\">\n<ul class=\"content-unordered-list\">\n<li><strong>4,65%<\/strong>\u00a0para moradores das regi\u00f5es\u00a0<span class=\"highlight highlighted\">Sul, Sudeste e Centro-Oeste<\/span>;<\/li>\n<li><strong>2,41%<\/strong>\u00a0para os moradores das regi\u00f5es\u00a0<span class=\"highlight highlighted\">Norte e Nordeste<\/span>.<\/li>\n<\/ul>\n<p>&nbsp;<\/p>\n<\/div>\n<div class=\"mc-column content-text active-extra-styles \" data-block-type=\"unstyled\" data-block-weight=\"22\" data-block-id=\"14\">\n<p class=\"content-text__container \" data-track-category=\"Link no Texto\" data-track-links=\"\">&#8220;Estamos falando de valores expressivos, e esses valores naturalmente v\u00e3o se refletir nas tarifas&#8221; afirmou o diretor H\u00e9lvio Guerra, relator do processo.<\/p>\n<\/div>\n<div class=\"mc-column content-text active-extra-styles \" data-block-type=\"unstyled\" data-block-weight=\"56\" data-block-id=\"15\">\n<p class=\"content-text__container \" data-track-category=\"Link no Texto\" data-track-links=\"\">Guerra lembrou que parte do or\u00e7amento do fundo \u00e9 destinado para bancar a\u00e7\u00f5es merit\u00f3rias, como a tarifa social de energia, que d\u00e1 desconto na conta de luz de consumidores de baixa renda. Mas parte banca subs\u00eddios a combust\u00edveis f\u00f3sseis, o que precisa ser discutido pelo governo e Congresso, respons\u00e1veis pelas leis que criam essas pol\u00edticas p\u00fablicas.<\/p>\n<\/div>\n<div class=\"mc-column content-text active-extra-styles\" data-block-type=\"raw\" data-block-weight=\"5\" data-block-id=\"16\">\n<p class=\"content-text__container\">\n<div class=\"content-intertitle\">\n<h2>Detalhamento do or\u00e7amento de 2022<\/h2>\n<\/div>\n<p>&nbsp;<\/p>\n<\/div>\n<div class=\"mc-column content-text active-extra-styles \" data-block-type=\"unstyled\" data-block-weight=\"43\" data-block-id=\"17\">\n<p class=\"content-text__container \" data-track-category=\"Link no Texto\" data-track-links=\"\">Do total de R$ 32,1 bilh\u00f5es para CDE em 2022, quase R$ 12 bilh\u00f5es ser\u00e3o destinados \u00e0 Conta de Consumo de Combust\u00edveis (CCC), subs\u00eddio para a produ\u00e7\u00e3o de energia termel\u00e9trica em regi\u00f5es n\u00e3o interligadas ao sistema el\u00e9trico nacional, como o estado de Roraima.<\/p>\n<\/div>\n<div class=\"mc-column content-text active-extra-styles \" data-block-type=\"unstyled\" data-block-weight=\"36\" data-block-id=\"19\">\n<p class=\"content-text__container \" data-track-category=\"Link no Texto\" data-track-links=\"\">Essa despesa foi afetada diretamente pela alta do pre\u00e7o dos combust\u00edveis, j\u00e1 que as usinas termel\u00e9tricas usam normalmente g\u00e1s natural ou diesel para gerar energia. O conflito entre a R\u00fassia e a Ucr\u00e2nia agravou o problema.<\/p>\n<\/div>\n<div class=\"mc-column content-text active-extra-styles \" data-block-type=\"unstyled\" data-block-weight=\"23\" data-block-id=\"20\">\n<p class=\"content-text__container \" data-track-category=\"Link no Texto\" data-track-links=\"\">A segunda maior despesa da CDE s\u00e3o os descontos tarif\u00e1rios na distribui\u00e7\u00e3o de energia, que v\u00e3o chegar a R$ 9,3 bilh\u00f5es em 2022.<\/p>\n<\/div>\n<div class=\"mc-column content-text active-extra-styles \" data-block-type=\"unstyled\" data-block-weight=\"31\" data-block-id=\"21\">\n<p class=\"content-text__container \" data-track-category=\"Link no Texto\" data-track-links=\"\">A terceira maior despesa \u00e9 a\u00a0tarifa social de energia. Essa despesa saltou de R$ 3,7 bilh\u00f5es em 2021 para R$ 5,4 bilh\u00f5es em 2022, com o cadastro autom\u00e1tico das fam\u00edlias.<\/p>\n<\/div>\n<div class=\"mc-column content-text active-extra-styles\" data-block-type=\"raw\" data-block-weight=\"5\" data-block-id=\"22\">\n<p class=\"content-text__container\">\n<div class=\"content-intertitle\">\n<h2>O que \u00e9 a CDE?<\/h2>\n<\/div>\n<p>&nbsp;<\/p>\n<\/div>\n<div class=\"mc-column content-text active-extra-styles \" data-block-type=\"unstyled\" data-block-weight=\"21\" data-block-id=\"23\">\n<p class=\"content-text__container \" data-track-category=\"Link no Texto\" data-track-links=\"\">A Conta de Desenvolvimento Energ\u00e9tico (CDE) \u00e9 um fundo setorial criado para custear diversas pol\u00edticas p\u00fablicas do setor el\u00e9trico brasileiro, como:<\/p>\n<\/div>\n<div data-track-category=\"multicontent\" data-track-action=\"ultimo chunk conteudo\" data-track-noninteraction=\"false\" data-track-scroll=\"view\">\n<div class=\"mc-column content-text active-extra-styles\" data-block-type=\"raw\" data-block-weight=\"78\" data-block-id=\"24\">\n<p class=\"content-text__container\">\n<ul class=\"content-unordered-list\">\n<li>universaliza\u00e7\u00e3o do servi\u00e7o de energia el\u00e9trica em todo o territ\u00f3rio nacional;<\/li>\n<li>concess\u00e3o de descontos tarif\u00e1rios a diversos usu\u00e1rios do servi\u00e7o (baixa renda; rural; irrigante; servi\u00e7o p\u00fablico de \u00e1gua, esgoto e saneamento; gera\u00e7\u00e3o e consumo de energia de fonte incentivadas, etc.);<\/li>\n<li>descontos na tarifa em sistemas el\u00e9tricos isolados, como Roraima e demais \u00e1reas n\u00e3o conectadas ao sistema el\u00e9trico nacional;<\/li>\n<li>subs\u00eddios para produ\u00e7\u00e3o de energia termel\u00e9trica nos sistemas isolados Conta de Consumo de Combust\u00edveis (CCC);<\/li>\n<li>subs\u00eddios ao carv\u00e3o mineral nacional.<\/li>\n<\/ul>\n<p>Fonte: G1<\/p>\n<\/div>\n<\/div>\n<\/div>\n<\/div>\n","protected":false},"excerpt":{"rendered":"<p>A Ag\u00eancia Nacional de Energia El\u00e9trica (Aneel) aprovou nesta ter\u00e7a-feira (26) o or\u00e7amento de 2022 da Conta de Desenvolvimento Energ\u00e9tico. Pela decis\u00e3o, a CDE ter\u00e1\u00a0R$&#8230;<\/p>\n","protected":false},"author":1527,"featured_media":38919,"comment_status":"closed","ping_status":"closed","sticky":false,"template":"","format":"standard","meta":{"footnotes":""},"categories":[6],"tags":[],"class_list":["post-38918","post","type-post","status-publish","format-standard","has-post-thumbnail","hentry","category-noticias"],"_links":{"self":[{"href":"https:\/\/www.sincomam.org.br\/index.php\/wp-json\/wp\/v2\/posts\/38918","targetHints":{"allow":["GET"]}}],"collection":[{"href":"https:\/\/www.sincomam.org.br\/index.php\/wp-json\/wp\/v2\/posts"}],"about":[{"href":"https:\/\/www.sincomam.org.br\/index.php\/wp-json\/wp\/v2\/types\/post"}],"author":[{"embeddable":true,"href":"https:\/\/www.sincomam.org.br\/index.php\/wp-json\/wp\/v2\/users\/1527"}],"replies":[{"embeddable":true,"href":"https:\/\/www.sincomam.org.br\/index.php\/wp-json\/wp\/v2\/comments?post=38918"}],"version-history":[{"count":1,"href":"https:\/\/www.sincomam.org.br\/index.php\/wp-json\/wp\/v2\/posts\/38918\/revisions"}],"predecessor-version":[{"id":38920,"href":"https:\/\/www.sincomam.org.br\/index.php\/wp-json\/wp\/v2\/posts\/38918\/revisions\/38920"}],"wp:featuredmedia":[{"embeddable":true,"href":"https:\/\/www.sincomam.org.br\/index.php\/wp-json\/wp\/v2\/media\/38919"}],"wp:attachment":[{"href":"https:\/\/www.sincomam.org.br\/index.php\/wp-json\/wp\/v2\/media?parent=38918"}],"wp:term":[{"taxonomy":"category","embeddable":true,"href":"https:\/\/www.sincomam.org.br\/index.php\/wp-json\/wp\/v2\/categories?post=38918"},{"taxonomy":"post_tag","embeddable":true,"href":"https:\/\/www.sincomam.org.br\/index.php\/wp-json\/wp\/v2\/tags?post=38918"}],"curies":[{"name":"wp","href":"https:\/\/api.w.org\/{rel}","templated":true}]}}