{"id":38915,"date":"2022-04-26T00:31:32","date_gmt":"2022-04-26T03:31:32","guid":{"rendered":"http:\/\/www.sincomam.org.br\/?p=38915"},"modified":"2022-04-26T00:31:32","modified_gmt":"2022-04-26T03:31:32","slug":"antaq-prorroga-consulta-publica-sobre-concessao-da-area-sts10-no-porto-de-santos","status":"publish","type":"post","link":"https:\/\/www.sincomam.org.br\/index.php\/antaq-prorroga-consulta-publica-sobre-concessao-da-area-sts10-no-porto-de-santos\/","title":{"rendered":"ANTAQ prorroga consulta p\u00fablica sobre concess\u00e3o da \u00e1rea STS10 no Porto de Santos"},"content":{"rendered":"<p>AAg\u00eancia Nacional de Transportes Aquavi\u00e1rios (ANTAQ) prorrogou para o dia 31 de maio o prazo limite da consulta p\u00fablica para o recebimento de contribui\u00e7\u00f5es para a Audi\u00eancia P\u00fablica n\u00ba 06\/2022, que trata do arrendamento da \u00e1rea STS10 localizada no Porto de Santos, em S\u00e3o Paulo. A decis\u00e3o foi publicada no\u00a0<a class=\"external-link\" title=\"\" href=\"https:\/\/www.in.gov.br\/web\/dou\/-\/deliberacao-n-70-de-20-de-abril-de-2022-394558294\" target=\"_blank\" rel=\"noopener\" data-tippreview-enabled=\"false\" data-tippreview-image=\"\" data-tippreview-title=\"\">Di\u00e1rio Oficial da Uni\u00e3o<\/a>\u00a0desta segunda-feira (25).<\/p>\n<p>As minutas jur\u00eddicas e os documentos t\u00e9cnicos est\u00e3o dispon\u00edveis no menu \u201cParticipa\u00e7\u00e3o Social\u201d no portal da Ag\u00eancia. As contribui\u00e7\u00f5es poder\u00e3o ser dirigidas \u00e0 ANTAQ at\u00e9 \u00e0s 23h59 do mesmo dia, exclusivamente por meio e na forma do formul\u00e1rio eletr\u00f4nico dispon\u00edvel no site.<\/p>\n<p>A consulta visa obter subs\u00eddios e sugest\u00f5es para o aprimoramento dos documentos t\u00e9cnicos e jur\u00eddicos, relativos \u00e0 realiza\u00e7\u00e3o da licita\u00e7\u00e3o para o arrendamento de instala\u00e7\u00e3o portu\u00e1ria localizada no interior da poligonal do Porto Organizado de Santos, que \u00e9 destinada \u00e0 movimenta\u00e7\u00e3o e armazenagem de cargas conteinerizadas.<\/p>\n<p>Fonte: Antaq<\/p>\n","protected":false},"excerpt":{"rendered":"<p>AAg\u00eancia Nacional de Transportes Aquavi\u00e1rios (ANTAQ) prorrogou para o dia 31 de maio o prazo limite da consulta p\u00fablica para o recebimento de contribui\u00e7\u00f5es para&#8230;<\/p>\n","protected":false},"author":1527,"featured_media":38724,"comment_status":"closed","ping_status":"closed","sticky":false,"template":"","format":"standard","meta":{"footnotes":""},"categories":[6],"tags":[],"class_list":["post-38915","post","type-post","status-publish","format-standard","has-post-thumbnail","hentry","category-noticias"],"_links":{"self":[{"href":"https:\/\/www.sincomam.org.br\/index.php\/wp-json\/wp\/v2\/posts\/38915","targetHints":{"allow":["GET"]}}],"collection":[{"href":"https:\/\/www.sincomam.org.br\/index.php\/wp-json\/wp\/v2\/posts"}],"about":[{"href":"https:\/\/www.sincomam.org.br\/index.php\/wp-json\/wp\/v2\/types\/post"}],"author":[{"embeddable":true,"href":"https:\/\/www.sincomam.org.br\/index.php\/wp-json\/wp\/v2\/users\/1527"}],"replies":[{"embeddable":true,"href":"https:\/\/www.sincomam.org.br\/index.php\/wp-json\/wp\/v2\/comments?post=38915"}],"version-history":[{"count":1,"href":"https:\/\/www.sincomam.org.br\/index.php\/wp-json\/wp\/v2\/posts\/38915\/revisions"}],"predecessor-version":[{"id":38916,"href":"https:\/\/www.sincomam.org.br\/index.php\/wp-json\/wp\/v2\/posts\/38915\/revisions\/38916"}],"wp:featuredmedia":[{"embeddable":true,"href":"https:\/\/www.sincomam.org.br\/index.php\/wp-json\/wp\/v2\/media\/38724"}],"wp:attachment":[{"href":"https:\/\/www.sincomam.org.br\/index.php\/wp-json\/wp\/v2\/media?parent=38915"}],"wp:term":[{"taxonomy":"category","embeddable":true,"href":"https:\/\/www.sincomam.org.br\/index.php\/wp-json\/wp\/v2\/categories?post=38915"},{"taxonomy":"post_tag","embeddable":true,"href":"https:\/\/www.sincomam.org.br\/index.php\/wp-json\/wp\/v2\/tags?post=38915"}],"curies":[{"name":"wp","href":"https:\/\/api.w.org\/{rel}","templated":true}]}}