{"id":38870,"date":"2022-04-22T10:22:22","date_gmt":"2022-04-22T13:22:22","guid":{"rendered":"http:\/\/www.sincomam.org.br\/?p=38870"},"modified":"2022-04-22T10:22:22","modified_gmt":"2022-04-22T13:22:22","slug":"gecex-aprova-novas-reducoes-de-tarifas-de-importacao-confira-algumas-delas","status":"publish","type":"post","link":"https:\/\/www.sincomam.org.br\/index.php\/gecex-aprova-novas-reducoes-de-tarifas-de-importacao-confira-algumas-delas\/","title":{"rendered":"GECEX APROVA NOVAS REDU\u00c7\u00d5ES DE TARIFAS DE IMPORTA\u00c7\u00c3O: CONFIRA ALGUMAS DELAS"},"content":{"rendered":"<p>O Comit\u00ea-Executivo de Gest\u00e3o (Gecex) da C\u00e2mara de Com\u00e9rcio Exterior (Camex) do Minist\u00e9rio da Economia aprovou nesta quarta-feira (20\/4), em sua 193\u00aa reuni\u00e3o, um conjunto de pleitos para a redu\u00e7\u00e3o de tarifas de importa\u00e7\u00e3o. Os pedidos s\u00e3o para zerar o imposto de 15 itens a fim de evitar desabastecimento no pa\u00eds e outros para baixar a 2% de forma permanente as al\u00edquotas de 13 produtos na Tarifa Externa Comum (TEC) do Mercosul. As medidas ainda ser\u00e3o enviadas para aprecia\u00e7\u00e3o dos demais membros do bloco, na Comiss\u00e3o de Com\u00e9rcio do Mercosul (CCM) e no Comit\u00ea T\u00e9cnico N\u00b01 \u2013 Tarifas, Nomenclatura e Classifica\u00e7\u00e3o de Mercadorias (CT-1).<\/p>\n<p>Os casos de redu\u00e7\u00e3o tarif\u00e1ria ao amparo do mecanismo de desabastecimento abrangem duas novas medidas e 13 renova\u00e7\u00f5es. Assim, tarifas que variavam de 12% a 20% ser\u00e3o ou continuar\u00e3o zeradas para a importa\u00e7\u00e3o de 15 produtos.<\/p>\n<p>Os cortes incluem al\u00edquotas de subst\u00e2ncias qu\u00edmicas utilizadas na\u00a0produ\u00e7\u00e3o de maquiagens e tinturas;\u00a0corantes de cabelos;\u00a0\u00e9ter para fabrica\u00e7\u00e3o de concreto;\u00a0tintas para impress\u00e3o;\u00a0m\u00e1quinas de caf\u00e9;\u00a0raquetes de t\u00eanis\u00a0e\u00a0prote\u00ednas para ind\u00fastria de alimentos. Os casos foram aprovados por recomenda\u00e7\u00e3o do Comit\u00ea de Altera\u00e7\u00f5es Tarif\u00e1rias (CAT) da Camex e ser\u00e3o encaminhados \u00e0 CCM.<\/p>\n<p>Em outro voto, tamb\u00e9m conforme recomenda\u00e7\u00e3o do CAT, o Gecex aprovou 13 pleitos de altera\u00e7\u00f5es permanentes na TEC, baixando para 2% al\u00edquotas que hoje est\u00e3o entre 10% e 16%. A medida inclui produtos qu\u00edmicos usados por diversos segmentos industriais, al\u00e9m de itens para bicicletas, eletro\u00edm\u00e3s, alho em p\u00f3, chapas, folhas e tiras de alum\u00ednio. Esses pleitos ainda dever\u00e3o ser analisados pelo CT-1.<\/p>\n<p><b>Lista Covid<\/b><\/p>\n<p>Na mesma reuni\u00e3o, o Gecex votou pela inclus\u00e3o de mais um produto na chamada Lista Covid, com redu\u00e7\u00e3o tarif\u00e1ria a zero para o medicamento Baricitinibe. No in\u00edcio deste m\u00eas, o Minist\u00e9rio da Sa\u00fade aprovou a incorpora\u00e7\u00e3o deste f\u00e1rmaco para o tratamento da Covid-19 no Sistema \u00danico de Sa\u00fade (SUS). O composto \u00e9 utilizado para tratamento de pacientes adultos com Covid-19 hospitalizados que necessitam de oxig\u00eanio por m\u00e1scara ou cateter nasal.<\/p>\n<p>Fonte: Informativo dos Portos<\/p>\n<p>&nbsp;<\/p>\n","protected":false},"excerpt":{"rendered":"<p>O Comit\u00ea-Executivo de Gest\u00e3o (Gecex) da C\u00e2mara de Com\u00e9rcio Exterior (Camex) do Minist\u00e9rio da Economia aprovou nesta quarta-feira (20\/4), em sua 193\u00aa reuni\u00e3o, um conjunto&#8230;<\/p>\n","protected":false},"author":1527,"featured_media":38871,"comment_status":"closed","ping_status":"closed","sticky":false,"template":"","format":"standard","meta":{"footnotes":""},"categories":[6],"tags":[],"class_list":["post-38870","post","type-post","status-publish","format-standard","has-post-thumbnail","hentry","category-noticias"],"_links":{"self":[{"href":"https:\/\/www.sincomam.org.br\/index.php\/wp-json\/wp\/v2\/posts\/38870","targetHints":{"allow":["GET"]}}],"collection":[{"href":"https:\/\/www.sincomam.org.br\/index.php\/wp-json\/wp\/v2\/posts"}],"about":[{"href":"https:\/\/www.sincomam.org.br\/index.php\/wp-json\/wp\/v2\/types\/post"}],"author":[{"embeddable":true,"href":"https:\/\/www.sincomam.org.br\/index.php\/wp-json\/wp\/v2\/users\/1527"}],"replies":[{"embeddable":true,"href":"https:\/\/www.sincomam.org.br\/index.php\/wp-json\/wp\/v2\/comments?post=38870"}],"version-history":[{"count":1,"href":"https:\/\/www.sincomam.org.br\/index.php\/wp-json\/wp\/v2\/posts\/38870\/revisions"}],"predecessor-version":[{"id":38872,"href":"https:\/\/www.sincomam.org.br\/index.php\/wp-json\/wp\/v2\/posts\/38870\/revisions\/38872"}],"wp:featuredmedia":[{"embeddable":true,"href":"https:\/\/www.sincomam.org.br\/index.php\/wp-json\/wp\/v2\/media\/38871"}],"wp:attachment":[{"href":"https:\/\/www.sincomam.org.br\/index.php\/wp-json\/wp\/v2\/media?parent=38870"}],"wp:term":[{"taxonomy":"category","embeddable":true,"href":"https:\/\/www.sincomam.org.br\/index.php\/wp-json\/wp\/v2\/categories?post=38870"},{"taxonomy":"post_tag","embeddable":true,"href":"https:\/\/www.sincomam.org.br\/index.php\/wp-json\/wp\/v2\/tags?post=38870"}],"curies":[{"name":"wp","href":"https:\/\/api.w.org\/{rel}","templated":true}]}}