{"id":38867,"date":"2022-04-22T10:19:56","date_gmt":"2022-04-22T13:19:56","guid":{"rendered":"http:\/\/www.sincomam.org.br\/?p=38867"},"modified":"2022-04-22T10:19:56","modified_gmt":"2022-04-22T13:19:56","slug":"reuniao-funcional-dos-capitaes-dos-portos-do-grupo-hidrovias-e-realizada-em-goiania","status":"publish","type":"post","link":"https:\/\/www.sincomam.org.br\/index.php\/reuniao-funcional-dos-capitaes-dos-portos-do-grupo-hidrovias-e-realizada-em-goiania\/","title":{"rendered":"Reuni\u00e3o funcional dos Capit\u00e3es dos Portos do Grupo Hidrovias \u00e9 realizada em Goi\u00e2nia"},"content":{"rendered":"<p>A Diretoria de Portos e Costas (DPC) conduziu, entre os dias 5 e 7 de abril, a Reuni\u00e3o Funcional dos Capit\u00e3es dos Portos do Grupo Hidrovias, em Goi\u00e2nia (GO). A reuni\u00e3o ocorreu no audit\u00f3rio da Superintend\u00eancia da\u00a0Pol\u00edcia Federal, em Goi\u00e2nia, refor\u00e7ando a parceria entre os \u00f3rg\u00e3os, e contou com a presen\u00e7a de comitiva da DPC, os titulares das Capitanias Fluviais de Porto Alegre (CFPA), Minas Gerais (CFMG), do Pantanal (CFPN), do Araguaia-Tocantins (CFAT), de Mato Grosso (CFMT), de Bras\u00edlia (CFB), do Rio Paran\u00e1 (CFRP), do Tiet\u00ea-Paran\u00e1 (CFTP), al\u00e9m de representantes da Procuradoria Especial da Marinha (PEM).<\/p>\n<p>As apresenta\u00e7\u00f5es foram transmitidas on-line para os Distritos Navais e para as Capitanias representadas no evento. Na oportunidade tamb\u00e9m foram visitadas as instala\u00e7\u00f5es da Capitania Fluvial de Goi\u00e1s e o terreno da sua futura Patromoria.<\/p>\n<p>O encontro teve como objetivo a troca de informa\u00e7\u00f5es relacionadas \u00e0 seguran\u00e7a da navega\u00e7\u00e3o, a salvaguarda da vida humana no mar, a preven\u00e7\u00e3o da polui\u00e7\u00e3o h\u00eddrica causada por embarca\u00e7\u00f5es e suas instala\u00e7\u00f5es de apoio, al\u00e9m da forma\u00e7\u00e3o de aquavi\u00e1rios, vivenciadas pelos Capit\u00e3es dos Portos presentes, DPC e PEM.<\/p>\n<p>Fonte: Defesa em Foco<\/p>\n<p>&nbsp;<\/p>\n","protected":false},"excerpt":{"rendered":"<p>A Diretoria de Portos e Costas (DPC) conduziu, entre os dias 5 e 7 de abril, a Reuni\u00e3o Funcional dos Capit\u00e3es dos Portos do Grupo&#8230;<\/p>\n","protected":false},"author":1527,"featured_media":38868,"comment_status":"closed","ping_status":"closed","sticky":false,"template":"","format":"standard","meta":{"footnotes":""},"categories":[6],"tags":[],"class_list":["post-38867","post","type-post","status-publish","format-standard","has-post-thumbnail","hentry","category-noticias"],"_links":{"self":[{"href":"https:\/\/www.sincomam.org.br\/index.php\/wp-json\/wp\/v2\/posts\/38867","targetHints":{"allow":["GET"]}}],"collection":[{"href":"https:\/\/www.sincomam.org.br\/index.php\/wp-json\/wp\/v2\/posts"}],"about":[{"href":"https:\/\/www.sincomam.org.br\/index.php\/wp-json\/wp\/v2\/types\/post"}],"author":[{"embeddable":true,"href":"https:\/\/www.sincomam.org.br\/index.php\/wp-json\/wp\/v2\/users\/1527"}],"replies":[{"embeddable":true,"href":"https:\/\/www.sincomam.org.br\/index.php\/wp-json\/wp\/v2\/comments?post=38867"}],"version-history":[{"count":1,"href":"https:\/\/www.sincomam.org.br\/index.php\/wp-json\/wp\/v2\/posts\/38867\/revisions"}],"predecessor-version":[{"id":38869,"href":"https:\/\/www.sincomam.org.br\/index.php\/wp-json\/wp\/v2\/posts\/38867\/revisions\/38869"}],"wp:featuredmedia":[{"embeddable":true,"href":"https:\/\/www.sincomam.org.br\/index.php\/wp-json\/wp\/v2\/media\/38868"}],"wp:attachment":[{"href":"https:\/\/www.sincomam.org.br\/index.php\/wp-json\/wp\/v2\/media?parent=38867"}],"wp:term":[{"taxonomy":"category","embeddable":true,"href":"https:\/\/www.sincomam.org.br\/index.php\/wp-json\/wp\/v2\/categories?post=38867"},{"taxonomy":"post_tag","embeddable":true,"href":"https:\/\/www.sincomam.org.br\/index.php\/wp-json\/wp\/v2\/tags?post=38867"}],"curies":[{"name":"wp","href":"https:\/\/api.w.org\/{rel}","templated":true}]}}